{"id":6163,"date":"2025-11-21T12:38:10","date_gmt":"2025-11-21T11:38:10","guid":{"rendered":"https:\/\/lider.ba\/?p=6163"},"modified":"2025-11-21T15:34:58","modified_gmt":"2025-11-21T14:34:58","slug":"mkf-lider-na-konferenciji-bloomberg-adria-next-step-retail-zajedno-gradimo-maloprodaju-buducnosti","status":"publish","type":"post","link":"https:\/\/lider.ba\/en\/mkf-lider-na-konferenciji-bloomberg-adria-next-step-retail-zajedno-gradimo-maloprodaju-buducnosti\/","title":{"rendered":"MKF LIDER na konferenciji Bloomberg Adria \u2013 NEXT STEP RETAIL: Zajedno gradimo maloprodaju budu\u0107nosti"},"content":{"rendered":"\n<p><strong><a href=\"https:\/\/lider.ba\/\" title=\"\">Mikrokreditna fondacija LIDER<\/a> i<\/strong>mala je \u010dast u\u010destvovati na presti\u017enoj konferenciji NEXT STEP RETAIL, u organizaciji Bloomberg Adria, koja je okupila klju\u010dne aktere maloprodajnog, finansijskog i tehnolo\u0161kog sektora u regiji.<br><br>Konferencija je odr\u017eana u Sarajevu, te je kroz dinami\u010dne panele i analize otvorila prostor za otvoreni dijalog o transformaciji maloprodaje \u2013 industrije koja se nalazi na jednoj od najve\u0107ih prekretnica u posljednjoj deceniji. Razgovaralo se o novim potro\u0161a\u010dkim navikama, digitalnim pla\u0107anjima, fintech rje\u0161enjima, ulasku globalnih lanaca, kao i o rastu\u0107oj ulozi podataka i vje\u0161ta\u010dke inteligencije u oblikovanju tr\u017ei\u0161ta budu\u0107nosti.<\/p>\n\n\n\n<figure class=\"wp-block-image size-large\"><img fetchpriority=\"high\" decoding=\"async\" width=\"1024\" height=\"683\" src=\"https:\/\/lider.ba\/wp-content\/uploads\/image-19-1024x683.png\" alt=\"Image\" class=\"wp-image-6168\" srcset=\"https:\/\/lider.ba\/wp-content\/uploads\/image-19-1024x683.png 1024w, https:\/\/lider.ba\/wp-content\/uploads\/image-19-300x200.png 300w, https:\/\/lider.ba\/wp-content\/uploads\/image-19-768x512.png 768w, https:\/\/lider.ba\/wp-content\/uploads\/image-19-1536x1024.png 1536w, https:\/\/lider.ba\/wp-content\/uploads\/image-19.png 2048w\" sizes=\"(max-width: 1024px) 100vw, 1024px\" \/><\/figure>\n\n\n\n<p><em><strong>FOTO: Bloomberg Adria BiH\u00a0<\/strong><\/em><\/p>\n\n\n\n<p>S tim u vezi, MKF LIDER je s ponosom primio zahvalnicu od organizatora konferencije u kojoj se isti\u010de zna\u010daj na\u0161eg prisustva na ovom va\u017enom regionalnom doga\u0111aju. U zahvalnici je nagla\u0161eno da je na\u0161e u\u010de\u0161\u0107e doprinijelo kvalitetnom dijalogu o transformaciji maloprodajnog sektora, koji se danas suo\u010dava s velikim promjenama pod utjecajem digitalizacije, novih potro\u0161a\u010dkih navika i globalnih tr\u017ei\u0161nih trendova. Organizatori su prepoznali va\u017enost razmjene iskustava i perspektiva, te podijelili ekskluzivnu analizu tr\u017ei\u0161ta maloprodaje u Adria regiji, kao dodatni alat za strate\u0161ko promi\u0161ljanje razvoja do 2030. godine.<br><br>U\u010de\u0161\u0107em na konferenciji, MKF LIDER je jo\u0161 jednom potvrdio svoju posve\u0107enost razumijevanju i pra\u0107enju tr\u017ei\u0161nih trendova, posebno u dijelu koji se ti\u010de podr\u0161ke malim biznisima i trgovcima \u2013 koji \u010desto prvi osjete izazove transformacije, ali i nose veliki potencijal za inovaciju i prilagodbu.<br><br>Nastavljamo pratiti klju\u010dne trendove kako bismo na\u0161im klijentima \u2013 posebno malim poduzetnicima i trgovcima \u2013 mogli ponuditi pravovremenu, konkretnu i prilago\u0111enu podr\u0161ku.<\/p>\n\n\n\n<p><strong><a href=\"https:\/\/lider.ba\/\" title=\"\">MKF LIDER<\/a><\/strong><\/p>\n","protected":false},"excerpt":{"rendered":"<p>Mikrokreditna fondacija LIDER imala je \u010dast u\u010destvovati na presti\u017enoj konferenciji NEXT STEP RETAIL, u organizaciji Bloomberg Adria, koja je okupila klju\u010dne aktere maloprodajnog, finansijskog i tehnolo\u0161kog sektora u regiji. Konferencija je odr\u017eana u Sarajevu, te je kroz dinami\u010dne panele i analize otvorila prostor za otvoreni dijalog o transformaciji maloprodaje \u2013 industrije koja se nalazi na [&hellip;]<\/p>\n","protected":false},"author":3,"featured_media":6164,"comment_status":"closed","ping_status":"closed","sticky":false,"template":"","format":"standard","meta":{"_acf_changed":false,"slim_seo":{"title":"MKF LIDER na konferenciji Bloomberg Adria","description":"Mikrokreditna fondacija LIDER imala je \u010dast u\u010destvovati na presti\u017enoj konferenciji NEXT STEP RETAIL, u organizaciji Bloomberg Adria"},"footnotes":""},"categories":[1],"tags":[],"class_list":["post-6163","post","type-post","status-publish","format-standard","has-post-thumbnail","hentry","category-novosti"],"acf":[],"_links":{"self":[{"href":"https:\/\/lider.ba\/en\/wp-json\/wp\/v2\/posts\/6163","targetHints":{"allow":["GET"]}}],"collection":[{"href":"https:\/\/lider.ba\/en\/wp-json\/wp\/v2\/posts"}],"about":[{"href":"https:\/\/lider.ba\/en\/wp-json\/wp\/v2\/types\/post"}],"author":[{"embeddable":true,"href":"https:\/\/lider.ba\/en\/wp-json\/wp\/v2\/users\/3"}],"replies":[{"embeddable":true,"href":"https:\/\/lider.ba\/en\/wp-json\/wp\/v2\/comments?post=6163"}],"version-history":[{"count":4,"href":"https:\/\/lider.ba\/en\/wp-json\/wp\/v2\/posts\/6163\/revisions"}],"predecessor-version":[{"id":6172,"href":"https:\/\/lider.ba\/en\/wp-json\/wp\/v2\/posts\/6163\/revisions\/6172"}],"wp:featuredmedia":[{"embeddable":true,"href":"https:\/\/lider.ba\/en\/wp-json\/wp\/v2\/media\/6164"}],"wp:attachment":[{"href":"https:\/\/lider.ba\/en\/wp-json\/wp\/v2\/media?parent=6163"}],"wp:term":[{"taxonomy":"category","embeddable":true,"href":"https:\/\/lider.ba\/en\/wp-json\/wp\/v2\/categories?post=6163"},{"taxonomy":"post_tag","embeddable":true,"href":"https:\/\/lider.ba\/en\/wp-json\/wp\/v2\/tags?post=6163"}],"curies":[{"name":"wp","href":"https:\/\/api.w.org\/{rel}","templated":true}]}}