{"id":6147,"date":"2025-11-18T14:11:11","date_gmt":"2025-11-18T13:11:11","guid":{"rendered":"https:\/\/lider.ba\/?p=6147"},"modified":"2025-11-18T14:16:49","modified_gmt":"2025-11-18T13:16:49","slug":"mkf-lider-podrzao-dane-poduzetnistva-zena-2025","status":"publish","type":"post","link":"https:\/\/lider.ba\/en\/mkf-lider-podrzao-dane-poduzetnistva-zena-2025\/","title":{"rendered":"MKF LIDER podr\u017eao &#8221;Dane poduzetni\u0161tva \u017eena 2025&#8221;!"},"content":{"rendered":"\n<p><\/p>\n\n\n\n<p>Ovogodi\u0161nja regionalna manifestacija u Sarajevu okupila je preko 100 u\u010desnica i poduzetnica. MKF Lider je i ove <a><\/a>godine podr\u017eao Dane poduzetni\u0161tva \u017eena koji tradicionalno promoviraju poduzetnice u BiH i regionu.<\/p>\n\n\n\n<p>Na radionici koju smo odr\u017eali tokom prvog dana manifestacije razgovarali smo o razvoju i promociji malih biznisa, va\u017enosti digitalne prisutnosti te o konkretnim mogu\u0107nostima finansiranja za budu\u0107e poduzetnice i one koje razvijaju biznis. Poseban akcenat stavili smo na platformu Pravi Lider (<a href=\"https:\/\/l.facebook.com\/l.php?u=http%3A%2F%2Fpravilider.ba%2F%3Ffbclid%3DIwZXh0bgNhZW0CMTAAYnJpZBExZFZMelVkZVdUR0Fpd0Z6dXNydGMGYXBwX2lkEDIyMjAzOTE3ODgyMDA4OTIAAR47Cubw6VeRhsh8aURuP8Xbx6dHR9TP9l_cG_nYN-bA4NQM4_cx2Tmjdhpr9Q_aem_LbAvc3pQoBows5c89qKIAQ&amp;h=AT2BCMoB4pUpiV29K-Ic6_fT9CbkenoFw5a5DhrbRguyUMqlPTVNTR5h41olc__c6GQQGCkKPhGXGVQoLf3vZD4J2xxQ4qRXVm95JuQc8PkEdLQMT0USz5OthlcoB6ZPKOHtHF71Iw8kaRU&amp;__tn__=-UK-R&amp;c[0]=AT3jykGv8jLMOgGXCJXeQMRI8KT4zIY_Pmj2lRn4XfRNB6AUjl1GD6X9RGyNIeg9lO7Smd8buC-5HHscc2Uapu3zxyvxV-zVkhZQzb-oJquWNK9Z9Ea2g2yy0dEaEDAYtmUgeBeksFhSwd8AjRIUhzese2YnkxNaB_Z0KrxfNQIHJvpE3XMJEt76U_wV29NjgzScbMhdpEP1P2jvbqSIrazuFBFOFw\" target=\"_blank\" rel=\"noreferrer noopener\">pravilider.ba<\/a>), mjesto na kojem se mo\u017ee online besplatno promovirati biznis, ali i prona\u0107i stru\u010dni savjeti agronoma, veterinara i drugih stru\u010dnjaka.<\/p>\n\n\n\n<p>Jedan od najposebnijih trenutaka bila je prezentacija poslovnih ideja polaznica &#8221;Akademije za poduzetnice&#8221; \u010dije smo u\u010denje i razvoj podr\u017eali tokom prethodnih mjeseci.<\/p>\n\n\n\n<figure class=\"wp-block-image size-large\"><img fetchpriority=\"high\" decoding=\"async\" width=\"1024\" height=\"576\" src=\"https:\/\/lider.ba\/wp-content\/uploads\/Prezentacija-poslovnih-ideja-1024x576.png\" alt=\"Prezentacija poslovnih ideja\" class=\"wp-image-6151\" srcset=\"https:\/\/lider.ba\/wp-content\/uploads\/Prezentacija-poslovnih-ideja-1024x576.png 1024w, https:\/\/lider.ba\/wp-content\/uploads\/Prezentacija-poslovnih-ideja-300x169.png 300w, https:\/\/lider.ba\/wp-content\/uploads\/Prezentacija-poslovnih-ideja-768x432.png 768w, https:\/\/lider.ba\/wp-content\/uploads\/Prezentacija-poslovnih-ideja.png 1200w\" sizes=\"(max-width: 1024px) 100vw, 1024px\" \/><\/figure>\n\n\n\n<p>Nastavljamo sna\u017enu saradnju sa <a href=\"https:\/\/www.facebook.com\/upzbih?__cft__[0]=AZVwWEC7EU506hNzTVhzjiof2As0Pm2jUtDa2Bn0veKErhHADKYFFI85A1YouSSIvmwZ9Mqi8_1jJtViwv10ncws9bkwoYQ7irgiwo4aVtprGW-Mu2Z0FH1EtOEYl-GtYetrJRvhGkTeO4TETtf3AfZDjwFQJHUuCybYwy3cn3Nug3N7a74L70jmGMyqK7EHhDbW0pTwcKtciC0W2VyUxpa3&amp;__tn__=-]K-R\">Udru\u017eenje poslovnih \u017eena u BiH<\/a> i gradimo okru\u017eenje u kojem svaka poduzetnica ima priliku da raste, napreduje i ostvari svoje ideje. MKF LIDER \u0107e kao i do sada biti pouzdan partner i podr\u0161ka \u017eenama koje stvaraju, inoviraju i hrabro grade svoje poslovne pri\u010de.<\/p>\n\n\n\n<p>MKF LIDER<\/p>\n","protected":false},"excerpt":{"rendered":"<p>Ovogodi\u0161nja regionalna manifestacija u Sarajevu okupila je preko 100 u\u010desnica i poduzetnica. MKF Lider je i ove godine podr\u017eao Dane poduzetni\u0161tva \u017eena koji tradicionalno promoviraju poduzetnice u BiH i regionu. Na radionici koju smo odr\u017eali tokom prvog dana manifestacije razgovarali smo o razvoju i promociji malih biznisa, va\u017enosti digitalne prisutnosti te o konkretnim mogu\u0107nostima finansiranja [&hellip;]<\/p>\n","protected":false},"author":3,"featured_media":6148,"comment_status":"closed","ping_status":"closed","sticky":false,"template":"","format":"standard","meta":{"_acf_changed":false,"slim_seo":{"title":"MKF LIDER podr\u017eao ''Dane poduzetni\u0161tva \u017eena 2025''!","description":"Ovogodi\u0161nja regionalna manifestacija u Sarajevu okupila je preko 100 u\u010desnica i poduzetnica."},"footnotes":""},"categories":[9],"tags":[],"class_list":["post-6147","post","type-post","status-publish","format-standard","has-post-thumbnail","hentry","category-drustvena-odgovornost"],"acf":[],"_links":{"self":[{"href":"https:\/\/lider.ba\/en\/wp-json\/wp\/v2\/posts\/6147","targetHints":{"allow":["GET"]}}],"collection":[{"href":"https:\/\/lider.ba\/en\/wp-json\/wp\/v2\/posts"}],"about":[{"href":"https:\/\/lider.ba\/en\/wp-json\/wp\/v2\/types\/post"}],"author":[{"embeddable":true,"href":"https:\/\/lider.ba\/en\/wp-json\/wp\/v2\/users\/3"}],"replies":[{"embeddable":true,"href":"https:\/\/lider.ba\/en\/wp-json\/wp\/v2\/comments?post=6147"}],"version-history":[{"count":2,"href":"https:\/\/lider.ba\/en\/wp-json\/wp\/v2\/posts\/6147\/revisions"}],"predecessor-version":[{"id":6154,"href":"https:\/\/lider.ba\/en\/wp-json\/wp\/v2\/posts\/6147\/revisions\/6154"}],"wp:featuredmedia":[{"embeddable":true,"href":"https:\/\/lider.ba\/en\/wp-json\/wp\/v2\/media\/6148"}],"wp:attachment":[{"href":"https:\/\/lider.ba\/en\/wp-json\/wp\/v2\/media?parent=6147"}],"wp:term":[{"taxonomy":"category","embeddable":true,"href":"https:\/\/lider.ba\/en\/wp-json\/wp\/v2\/categories?post=6147"},{"taxonomy":"post_tag","embeddable":true,"href":"https:\/\/lider.ba\/en\/wp-json\/wp\/v2\/tags?post=6147"}],"curies":[{"name":"wp","href":"https:\/\/api.w.org\/{rel}","templated":true}]}}