{"id":6124,"date":"2025-11-05T09:01:42","date_gmt":"2025-11-05T08:01:42","guid":{"rendered":"https:\/\/lider.ba\/?p=6124"},"modified":"2025-11-05T09:01:43","modified_gmt":"2025-11-05T08:01:43","slug":"mkf-lider-znanje-dijelimo-odgovornost-zivimo","status":"publish","type":"post","link":"https:\/\/lider.ba\/en\/mkf-lider-znanje-dijelimo-odgovornost-zivimo\/","title":{"rendered":"MKF LIDER: Znanje dijelimo \u2013 odgovornost \u017eivimo"},"content":{"rendered":"\n<h2 class=\"wp-block-heading\" id=\"d\u017eavid-sejfovi\u0107-o-odgovornom-poslovanju-pred-studentima-ius-a\">D\u017eavid Sejfovi\u0107 o odgovornom poslovanju pred studentima IUS-a<\/h2>\n\n\n\n<p>Direktor\u00a0<strong>Mikrokreditne fondacije Lider (MKF LIDER)<\/strong>,\u00a0<strong>D\u017eavid Sejfovi\u0107<\/strong>, odr\u017eao je inspirativno predavanje pred vi\u0161e od\u00a0<strong>100 studenata International University of Sarajevo (IUS)<\/strong>, predstavljaju\u0107i\u00a0<strong>viziju i praksu odgovornog i odr\u017eivog poslovanja<\/strong>\u00a0koje Lider ve\u0107 godinama gradi u Bosni i Hercegovini.<\/p>\n\n\n\n<p>Pod motom&nbsp;<strong>\u201eZnanje dijelimo \u2013 odgovornost \u017eivimo\u201c<\/strong>, predavanje je otvorilo brojne teme \u2013 od&nbsp;<strong>principa mikrokreditiranja<\/strong>&nbsp;i&nbsp;<strong>institucionalnog okvira poslovanja<\/strong>, do&nbsp;<strong>inovativnih modela podr\u0161ke malim biznisima<\/strong>.<\/p>\n\n\n\n<hr class=\"wp-block-separator has-alpha-channel-opacity\"\/>\n\n\n\n<h2 class=\"wp-block-heading\" id=\"mikrokreditiranje-i-podr\u0161ka-poduzetnicima\">Mikrokreditiranje i podr\u0161ka poduzetnicima<\/h2>\n\n\n\n<p>Studenti su imali priliku upoznati se s na\u010dinom na koji MKF Lider gradi&nbsp;<strong>stabilan i odgovoran sistem mikrokreditiranja<\/strong>, ali i s&nbsp;<strong>nefinansijskim uslugama<\/strong>&nbsp;koje organizacija nudi \u2013 edukacijama, savjetovanjima i razvojnim programima namijenjenim mikro i malim poduzetnicima.<\/p>\n\n\n\n<p>Sejfovi\u0107 je istakao da je upravo&nbsp;<strong>Liderov pristup \u201cljudi ispred profita\u201d<\/strong>&nbsp;ono \u0161to organizaciju \u010dini primjerom&nbsp;<strong>dru\u0161tveno odgovorne institucije<\/strong>&nbsp;u BiH.<\/p>\n\n\n\n<p>\u201cNa\u0161a misija nije samo finansijska podr\u0161ka \u2013 mi \u017eelimo da na\u0161i korisnici rastu, u\u010de i postaju pravi lideri u svojim zajednicama,\u201d naglasio je Sejfovi\u0107.<\/p>\n\n\n\n<hr class=\"wp-block-separator has-alpha-channel-opacity\"\/>\n\n\n\n<h2 class=\"wp-block-heading\" id=\"platforma-pravi-lider-prostor-za-promociju-i-zajedni\u0161tvo\">Platforma \u201cPravi Lider\u201d \u2013 prostor za promociju i zajedni\u0161tvo<\/h2>\n\n\n\n<p>Jedan od klju\u010dnih segmenata predavanja bio je prikaz platforme<a href=\"https:\/\/pravilider.ba\/\" title=\"\">\u00a0<strong>Pravi LIDER<\/strong>,<\/a> digitalnog prostora kroz koji\u00a0<strong>bosanskohercegova\u010dki poduzetnici mogu besplatno promovirati svoje proizvode i usluge<\/strong>.<br>Platforma povezuje\u00a0<strong>stotine malih biznisa<\/strong>\u00a0s kupcima, ali i s partnerima kao \u0161to su\u00a0<strong>obrtni\u010dke komore \u0161irom FBiH<\/strong>.<\/p>\n\n\n\n<p>Ovaj projekat predstavlja&nbsp;<strong>most izme\u0111u ekonomskog razvoja i dru\u0161tvene odgovornosti<\/strong>, daju\u0107i mali biznisima priliku da se predstave, rastu i sara\u0111uju.<\/p>\n\n\n\n<p>\u201cSvaki na\u0161 korak \u2013 bilo da je rije\u010d o edukaciji, podr\u0161ci malim biznisima ili za\u0161titi okoli\u0161a \u2013 vodi istom cilju: da zajedno rastemo odgovorno, odr\u017eivo i s vizijom,\u201d poru\u010dili su iz MKF Lidera.<\/p>\n\n\n\n<hr class=\"wp-block-separator has-alpha-channel-opacity\"\/>\n\n\n\n<h3 class=\"wp-block-heading\" id=\"lider-kao-primjer-odr\u017eive-promjene-u-bih\">Lider kao primjer odr\u017eive promjene u BiH<\/h3>\n\n\n\n<p>Predavanje na IUS-u jo\u0161 jednom je potvrdilo da je\u00a0<strong>MKF LIDER  vi\u0161e od mikrokreditne institucije<\/strong>\u00a0\u2013 to je\u00a0<strong>pokreta\u010d razvoja, edukacije i dru\u0161tvene promjene<\/strong>.<br>Kroz programe podr\u0161ke, edukacije i inicijative za za\u0161titu okoli\u0161a, Lider pokazuje da je mogu\u0107e\u00a0<strong>poslovati uspje\u0161no i odgovorno<\/strong>, doprinose\u0107i razvoju zajednice i ja\u010danju poduzetni\u010dke kulture u Bosni i Hercegovini. <\/p>\n\n\n\n<p><\/p>\n","protected":false},"excerpt":{"rendered":"<p>D\u017eavid Sejfovi\u0107 o odgovornom poslovanju pred studentima IUS-a Direktor\u00a0Mikrokreditne fondacije Lider (MKF LIDER),\u00a0D\u017eavid Sejfovi\u0107, odr\u017eao je inspirativno predavanje pred vi\u0161e od\u00a0100 studenata International University of Sarajevo (IUS), predstavljaju\u0107i\u00a0viziju i praksu odgovornog i odr\u017eivog poslovanja\u00a0koje Lider ve\u0107 godinama gradi u Bosni i Hercegovini. Pod motom&nbsp;\u201eZnanje dijelimo \u2013 odgovornost \u017eivimo\u201c, predavanje je otvorilo brojne teme \u2013 od&nbsp;principa [&hellip;]<\/p>\n","protected":false},"author":3,"featured_media":6125,"comment_status":"closed","ping_status":"closed","sticky":false,"template":"","format":"standard","meta":{"_acf_changed":false,"slim_seo":{"title":"MKF LIDER: Znanje dijelimo \u2013 odgovornost \u017eivimo - Lider - Mikrokreditna fondacija","description":"D\u017eavid Sejfovi\u0107 o odgovornom poslovanju pred studentima IUS-a Direktor\u00a0 Mikrokreditne fondacije Lider (MKF LIDER) ,\u00a0 D\u017eavid Sejfovi\u0107 , odr\u017eao je inspirativno pr"},"footnotes":""},"categories":[9],"tags":[],"class_list":["post-6124","post","type-post","status-publish","format-standard","has-post-thumbnail","hentry","category-drustvena-odgovornost"],"acf":[],"_links":{"self":[{"href":"https:\/\/lider.ba\/en\/wp-json\/wp\/v2\/posts\/6124","targetHints":{"allow":["GET"]}}],"collection":[{"href":"https:\/\/lider.ba\/en\/wp-json\/wp\/v2\/posts"}],"about":[{"href":"https:\/\/lider.ba\/en\/wp-json\/wp\/v2\/types\/post"}],"author":[{"embeddable":true,"href":"https:\/\/lider.ba\/en\/wp-json\/wp\/v2\/users\/3"}],"replies":[{"embeddable":true,"href":"https:\/\/lider.ba\/en\/wp-json\/wp\/v2\/comments?post=6124"}],"version-history":[{"count":1,"href":"https:\/\/lider.ba\/en\/wp-json\/wp\/v2\/posts\/6124\/revisions"}],"predecessor-version":[{"id":6127,"href":"https:\/\/lider.ba\/en\/wp-json\/wp\/v2\/posts\/6124\/revisions\/6127"}],"wp:featuredmedia":[{"embeddable":true,"href":"https:\/\/lider.ba\/en\/wp-json\/wp\/v2\/media\/6125"}],"wp:attachment":[{"href":"https:\/\/lider.ba\/en\/wp-json\/wp\/v2\/media?parent=6124"}],"wp:term":[{"taxonomy":"category","embeddable":true,"href":"https:\/\/lider.ba\/en\/wp-json\/wp\/v2\/categories?post=6124"},{"taxonomy":"post_tag","embeddable":true,"href":"https:\/\/lider.ba\/en\/wp-json\/wp\/v2\/tags?post=6124"}],"curies":[{"name":"wp","href":"https:\/\/api.w.org\/{rel}","templated":true}]}}