{"id":6036,"date":"2025-07-04T14:52:34","date_gmt":"2025-07-04T13:52:34","guid":{"rendered":"https:\/\/lider.ba\/?p=6036"},"modified":"2025-07-04T14:52:35","modified_gmt":"2025-07-04T13:52:35","slug":"planinarsko-drustvo-tajan-lisac-i-mkf-lider-partnerstvo-za-promociju-planinarstva-i-ocuvanja-prirode","status":"publish","type":"post","link":"https:\/\/lider.ba\/en\/planinarsko-drustvo-tajan-lisac-i-mkf-lider-partnerstvo-za-promociju-planinarstva-i-ocuvanja-prirode\/","title":{"rendered":"Planinarsko dru\u0161tvo Tajan-Lisac i MKF LIDER: Partnerstvo za promociju planinarstva i o\u010duvanja prirode"},"content":{"rendered":"\n<p><\/p>\n\n\n\n<p><strong>Udru\u017eenje Planinarsko dru\u0161tvo \u201cTajan &#8211; Lisac\u201d iz Zenice ve\u0107 76 godina djeluje na promociji sportskog duha, rekreacije i o\u010duvanja prirode.<\/strong> <\/p>\n\n\n\n<p>Dru\u0161tvo okuplja mnogobrojne ljubitelje planinarenja, prirode i zdravog na\u010dina \u017eivota, kako mla\u0111e tako i starije \u010dlanove zajednice. Udru\u017eenje Planinarsko dru\u0161tvo \u201cTajan \u2013 Lisac\u201d redovno organizuje planinarske manifestacije poput Planinarske \u0107imburijade, Planinarskog decembarskog sijela, Tajanove transverzale, Upoznajmo Lisac u \u010detiri godi\u0161nja doba i Dana planinara FBiH u kojim u\u010de\u0161\u0107e uzima veliki broj planinara kako iz Bosne i Hercegovine, tako i inostranstva. <\/p>\n\n\n\n<p>Aktuelan je projekat organizacije planinarske manifestacije<strong> \u201cDani planinara FBiH\u201d <\/strong>koja \u0107e se ove godine u augustu mjesecu odr\u017eati na platou ispred planinarskog doma Lisac, a Planinarsko dru\u0161tvo \u201cTajan \u2013 Lisac\u201d \u0107e biti ponosni doma\u0107in. MKF LIDER \u0107e podr\u017eati organizaciju ovog doga\u0111aja.<\/p>\n\n\n\n<p><strong>MKF LIDER<\/strong><\/p>\n\n\n\n<p><\/p>\n","protected":false},"excerpt":{"rendered":"<p>Udru\u017eenje Planinarsko dru\u0161tvo \u201cTajan &#8211; Lisac\u201d iz Zenice ve\u0107 76 godina djeluje na promociji sportskog duha, rekreacije i o\u010duvanja prirode. Dru\u0161tvo okuplja mnogobrojne ljubitelje planinarenja, prirode i zdravog na\u010dina \u017eivota, kako mla\u0111e tako i starije \u010dlanove zajednice. Udru\u017eenje Planinarsko dru\u0161tvo \u201cTajan \u2013 Lisac\u201d redovno organizuje planinarske manifestacije poput Planinarske \u0107imburijade, Planinarskog decembarskog sijela, Tajanove transverzale, [&hellip;]<\/p>\n","protected":false},"author":3,"featured_media":6037,"comment_status":"closed","ping_status":"closed","sticky":false,"template":"","format":"standard","meta":{"_acf_changed":false,"slim_seo":{"title":"Partnerstvo za promociju planinarstva i o\u010duvanja prirode","description":"Udru\u017eenje Planinarsko dru\u0161tvo \u201cTajan - Lisac\u201d iz Zenice ve\u0107 76 godina djeluje na promociji sportskog duha, rekreacije i o\u010duvanja prirode."},"footnotes":""},"categories":[9,1],"tags":[],"class_list":["post-6036","post","type-post","status-publish","format-standard","has-post-thumbnail","hentry","category-drustvena-odgovornost","category-novosti"],"acf":[],"_links":{"self":[{"href":"https:\/\/lider.ba\/en\/wp-json\/wp\/v2\/posts\/6036","targetHints":{"allow":["GET"]}}],"collection":[{"href":"https:\/\/lider.ba\/en\/wp-json\/wp\/v2\/posts"}],"about":[{"href":"https:\/\/lider.ba\/en\/wp-json\/wp\/v2\/types\/post"}],"author":[{"embeddable":true,"href":"https:\/\/lider.ba\/en\/wp-json\/wp\/v2\/users\/3"}],"replies":[{"embeddable":true,"href":"https:\/\/lider.ba\/en\/wp-json\/wp\/v2\/comments?post=6036"}],"version-history":[{"count":1,"href":"https:\/\/lider.ba\/en\/wp-json\/wp\/v2\/posts\/6036\/revisions"}],"predecessor-version":[{"id":6039,"href":"https:\/\/lider.ba\/en\/wp-json\/wp\/v2\/posts\/6036\/revisions\/6039"}],"wp:featuredmedia":[{"embeddable":true,"href":"https:\/\/lider.ba\/en\/wp-json\/wp\/v2\/media\/6037"}],"wp:attachment":[{"href":"https:\/\/lider.ba\/en\/wp-json\/wp\/v2\/media?parent=6036"}],"wp:term":[{"taxonomy":"category","embeddable":true,"href":"https:\/\/lider.ba\/en\/wp-json\/wp\/v2\/categories?post=6036"},{"taxonomy":"post_tag","embeddable":true,"href":"https:\/\/lider.ba\/en\/wp-json\/wp\/v2\/tags?post=6036"}],"curies":[{"name":"wp","href":"https:\/\/api.w.org\/{rel}","templated":true}]}}