{"id":5989,"date":"2025-06-17T13:53:29","date_gmt":"2025-06-17T12:53:29","guid":{"rendered":"https:\/\/lider.ba\/?p=5989"},"modified":"2025-06-17T14:05:09","modified_gmt":"2025-06-17T13:05:09","slug":"mkf-lider-s-ponosom-podrzava-edukacije-za-nezaposlene-zene-u-okviru-akademije-poduzetnistva-zena-2025","status":"publish","type":"post","link":"https:\/\/lider.ba\/en\/mkf-lider-s-ponosom-podrzava-edukacije-za-nezaposlene-zene-u-okviru-akademije-poduzetnistva-zena-2025\/","title":{"rendered":"MKF LIDER s ponosom podr\u017eava edukacije za nezaposlene \u017eene u okviru Akademije poduzetni\u0161tva \u017eena 2025!"},"content":{"rendered":"\n<p>Kao dugogodi\u0161nji partner \u017eenama u biznisu, zajedno s <a href=\"https:\/\/poduzetna.ba\/\" title=\"\"><strong>Udru\u017eenjem poslovnih \u017eena u BiH<\/strong><\/a> otvaramo vrata novim poslovnim prilikama za nezaposlene \u017eene u Sarajevskom i Tuzlanskom Kantonu.<\/p>\n\n\n\n<figure class=\"wp-block-image size-large is-resized\"><img fetchpriority=\"high\" decoding=\"async\" width=\"1024\" height=\"576\" src=\"https:\/\/lider.ba\/wp-content\/uploads\/image-9-1024x576.png\" alt=\"Image\" class=\"wp-image-5993\" style=\"width:717px;height:auto\" srcset=\"https:\/\/lider.ba\/wp-content\/uploads\/image-9-1024x576.png 1024w, https:\/\/lider.ba\/wp-content\/uploads\/image-9-300x169.png 300w, https:\/\/lider.ba\/wp-content\/uploads\/image-9-768x432.png 768w, https:\/\/lider.ba\/wp-content\/uploads\/image-9-1536x864.png 1536w, https:\/\/lider.ba\/wp-content\/uploads\/image-9.png 2048w\" sizes=\"(max-width: 1024px) 100vw, 1024px\" \/><\/figure>\n\n\n\n<p>AKADEMIJA &#8211; TUZLA<\/p>\n\n\n\n<p>Posebnu pa\u017enju posve\u0107ujemo \u017eenama koje imaju ideje i tra\u017ee podr\u0161ku da ih preto\u010de u odr\u017eive i uspje\u0161ne biznise. <\/p>\n\n\n\n<p>Ovogodi\u0161nja Akademija pored prakti\u010dne edukacije, mentorske podr\u0161ke i umre\u017eavanja \u017eena sli\u010dne vizije omogu\u0107ava u\u010desnicama i pristup platformi <strong><a href=\"https:\/\/pravilider.ba\/\" title=\"\">Pravi lider <\/a><\/strong>\u2013 gdje u\u010desnice mogu besplatno koristiti edukativne materijale, te u kasnijoj fazi nakon registracije i promovisati svoje usluge ili proizvode.<\/p>\n\n\n\n<figure class=\"wp-block-image size-large is-resized\"><img decoding=\"async\" width=\"1024\" height=\"622\" src=\"https:\/\/lider.ba\/wp-content\/uploads\/image-11-1024x622.png\" alt=\"Image\" class=\"wp-image-5998\" style=\"width:719px;height:auto\" srcset=\"https:\/\/lider.ba\/wp-content\/uploads\/image-11-1024x622.png 1024w, https:\/\/lider.ba\/wp-content\/uploads\/image-11-300x182.png 300w, https:\/\/lider.ba\/wp-content\/uploads\/image-11-768x467.png 768w, https:\/\/lider.ba\/wp-content\/uploads\/image-11.png 1147w\" sizes=\"(max-width: 1024px) 100vw, 1024px\" \/><\/figure>\n\n\n\n<p><strong>AKADEMIJA &#8211; SARAJEVO<\/strong><\/p>\n\n\n\n<p>Zajedno s partnerima \u2013 <strong>Udru\u017eenjem poslovnih \u017eena u BiH i Federalnim zavodom za zapo\u0161ljavanje<\/strong> \u2013 gradimo zajednicu koja mijenja \u017eivote i aktivno doprinosi razvoju \u017eenskog poduzetni\u0161tva u na\u0161oj zemlji.<\/p>\n\n\n\n<p>Svim u\u010desnicama \u017eelimo uspje\u0161an po\u010detak edukacije koja je va\u017ean korak ka pokretanju vlastitog biznisa.<\/p>\n\n\n\n<p><strong><a href=\"https:\/\/lider.ba\/\" title=\"\">MKF LIDER <\/a><\/strong>\u2013 vi\u0161e od 23 godine uz vas!<\/p>\n\n\n\n<p><\/p>\n","protected":false},"excerpt":{"rendered":"<p>Kao dugogodi\u0161nji partner \u017eenama u biznisu, zajedno s Udru\u017eenjem poslovnih \u017eena u BiH otvaramo vrata novim poslovnim prilikama za nezaposlene \u017eene u Sarajevskom i Tuzlanskom Kantonu. AKADEMIJA &#8211; TUZLA Posebnu pa\u017enju posve\u0107ujemo \u017eenama koje imaju ideje i tra\u017ee podr\u0161ku da ih preto\u010de u odr\u017eive i uspje\u0161ne biznise. Ovogodi\u0161nja Akademija pored prakti\u010dne edukacije, mentorske podr\u0161ke i [&hellip;]<\/p>\n","protected":false},"author":3,"featured_media":5990,"comment_status":"closed","ping_status":"closed","sticky":false,"template":"","format":"standard","meta":{"_acf_changed":false,"slim_seo":{"title":"MKF LIDER s ponosom podr\u017eava edukacije za nezaposlene \u017eene","description":"MKF LIDER s ponosom podr\u017eava edukacije za nezaposlene \u017eene u okviru Akademije poduzetni\u0161tva \u017eena 2025!"},"footnotes":""},"categories":[9,1],"tags":[],"class_list":["post-5989","post","type-post","status-publish","format-standard","has-post-thumbnail","hentry","category-drustvena-odgovornost","category-novosti"],"acf":[],"_links":{"self":[{"href":"https:\/\/lider.ba\/en\/wp-json\/wp\/v2\/posts\/5989","targetHints":{"allow":["GET"]}}],"collection":[{"href":"https:\/\/lider.ba\/en\/wp-json\/wp\/v2\/posts"}],"about":[{"href":"https:\/\/lider.ba\/en\/wp-json\/wp\/v2\/types\/post"}],"author":[{"embeddable":true,"href":"https:\/\/lider.ba\/en\/wp-json\/wp\/v2\/users\/3"}],"replies":[{"embeddable":true,"href":"https:\/\/lider.ba\/en\/wp-json\/wp\/v2\/comments?post=5989"}],"version-history":[{"count":4,"href":"https:\/\/lider.ba\/en\/wp-json\/wp\/v2\/posts\/5989\/revisions"}],"predecessor-version":[{"id":6002,"href":"https:\/\/lider.ba\/en\/wp-json\/wp\/v2\/posts\/5989\/revisions\/6002"}],"wp:featuredmedia":[{"embeddable":true,"href":"https:\/\/lider.ba\/en\/wp-json\/wp\/v2\/media\/5990"}],"wp:attachment":[{"href":"https:\/\/lider.ba\/en\/wp-json\/wp\/v2\/media?parent=5989"}],"wp:term":[{"taxonomy":"category","embeddable":true,"href":"https:\/\/lider.ba\/en\/wp-json\/wp\/v2\/categories?post=5989"},{"taxonomy":"post_tag","embeddable":true,"href":"https:\/\/lider.ba\/en\/wp-json\/wp\/v2\/tags?post=5989"}],"curies":[{"name":"wp","href":"https:\/\/api.w.org\/{rel}","templated":true}]}}