{"id":5804,"date":"2025-02-12T11:14:44","date_gmt":"2025-02-12T10:14:44","guid":{"rendered":"https:\/\/lider.ba\/?p=5804"},"modified":"2025-02-14T10:39:53","modified_gmt":"2025-02-14T09:39:53","slug":"najava-suradnje-s-udruzenjem-planinarsko-drustvo-mahnjaca-1358","status":"publish","type":"post","link":"https:\/\/lider.ba\/en\/najava-suradnje-s-udruzenjem-planinarsko-drustvo-mahnjaca-1358\/","title":{"rendered":"Najava suradnje s Udru\u017eenjem &#8220;Planinarsko dru\u0161tvo Mahnja\u010da 1358&#8221;"},"content":{"rendered":"\n<p><\/p>\n\n\n\n<p>Ljubav prema prirodi, sportskom duhu i zajedni\u0161tvu pokre\u0107e mnoge, a posebno one koji svoje vrijeme i energiju posve\u0107uju promociji rekreacije, planinarenja i o\u010duvanja okoli\u0161a. U tom duhu, s ponosom najavljujemo na\u0161u suradnju s Udru\u017eenjem <strong>&#8220;Planinarsko dru\u0161tvo Mahnja\u010da 1358&#8221;<\/strong>, koje ve\u0107 dugi niz godina okuplja brojne zaljubljenike u prirodu i aktivan \u017eivot.<\/p>\n\n\n\n<p><strong>O Udru\u017eenju &#8220;Planinarsko dru\u0161tvo Mahnja\u010da 1358&#8221;<\/strong><\/p>\n\n\n\n<p>Udru\u017eenje &#8220;Planinarsko dru\u0161tvo Mahnja\u010da 1358&#8221; poznato je po svojoj posve\u0107enosti organizaciji planinarskih pohoda, promociji zdravog na\u010dina \u017eivota te o\u010duvanju prirodnih ljepota na\u0161e zemlje. Brojni \u010dlanovi dru\u0161tva redovno sudjeluju u planinarskim turama, radnim akcijama i edukativnim aktivnostima koje podi\u017eu svijest o va\u017enosti ekologije i sporta.<\/p>\n\n\n\n<p>Njihova misija nije samo planinarenje \u2013 oni stvaraju \u010dvrstu zajednicu, okupljaju ljude razli\u010ditih generacija i poti\u010du ih na boravak u prirodi, ja\u010daju\u0107i tako ne samo tijelo ve\u0107 i duh.<\/p>\n\n\n\n<p><strong>Planinarski dom u Pade\u017eu \u2013 projekt za budu\u0107e generacije<\/strong><\/p>\n\n\n\n<p>Jedan od najva\u017enijih projekata ovog udru\u017eenja trenutno je izgradnja <strong>planinarskog doma u Pade\u017eu, \u017deljezno polje<\/strong>. Ovaj dom \u0107e biti klju\u010dno mjesto za okupljanje planinara, rekreativaca i svih ljubitelja prirode, pru\u017eaju\u0107i im siguran i ugodan prostor za odmor i dru\u017eenje.<\/p>\n\n\n\n<p id=\"Poravnato\">S obzirom na va\u017enost ovog projekta, s velikim zadovoljstvom objavljujemo da <strong><a href=\"https:\/\/lider.ba\/\" title=\"\">MKF LIDER<\/a> pru\u017ea podr\u0161ku zavr\u0161nim radovima na planinarskom domu<\/strong>. Svjesni koliko ovakvi objekti doprinose razvoju rekreacijskog turizma i promociji zdravog na\u010dina \u017eivota, rado ula\u017eemo u inicijative koje imaju dugoro\u010dan pozitivan utjecaj na zajednicu.<\/p>\n\n\n\n<p>Radujemo se budu\u0107im zajedni\u010dkim projektima i uspjesima koje \u0107emo ostvariti s &#8220;Planinarskim dru\u0161tvom Mahnja\u010da 1358&#8221;!<\/p>\n\n\n\n<p><strong><a href=\"https:\/\/lider.ba\/\" title=\"\">MKF LIDER<\/a><\/strong><\/p>\n\n\n\n<p><\/p>\n","protected":false},"excerpt":{"rendered":"<p>Ljubav prema prirodi, sportskom duhu i zajedni\u0161tvu pokre\u0107e mnoge, a posebno one koji svoje vrijeme i energiju posve\u0107uju promociji rekreacije, planinarenja i o\u010duvanja okoli\u0161a. U tom duhu, s ponosom najavljujemo na\u0161u suradnju s Udru\u017eenjem &#8220;Planinarsko dru\u0161tvo Mahnja\u010da 1358&#8221;, koje ve\u0107 dugi niz godina okuplja brojne zaljubljenike u prirodu i aktivan \u017eivot. O Udru\u017eenju &#8220;Planinarsko dru\u0161tvo [&hellip;]<\/p>\n","protected":false},"author":3,"featured_media":5810,"comment_status":"closed","ping_status":"closed","sticky":false,"template":"","format":"standard","meta":{"_acf_changed":false,"slim_seo":{"title":"Najava suradnje s Udru\u017eenjem \"Planinarsko dru\u0161tvo Mahnja\u010da 1358\"","description":"Udru\u017eenje \"Planinarsko dru\u0161tvo Mahnja\u010da 1358\" poznato je po svojoj posve\u0107enosti organizaciji planinarskih pohoda, promociji zdravog na\u010dina \u017eivota"},"footnotes":""},"categories":[9],"tags":[],"class_list":["post-5804","post","type-post","status-publish","format-standard","has-post-thumbnail","hentry","category-drustvena-odgovornost"],"acf":[],"_links":{"self":[{"href":"https:\/\/lider.ba\/en\/wp-json\/wp\/v2\/posts\/5804","targetHints":{"allow":["GET"]}}],"collection":[{"href":"https:\/\/lider.ba\/en\/wp-json\/wp\/v2\/posts"}],"about":[{"href":"https:\/\/lider.ba\/en\/wp-json\/wp\/v2\/types\/post"}],"author":[{"embeddable":true,"href":"https:\/\/lider.ba\/en\/wp-json\/wp\/v2\/users\/3"}],"replies":[{"embeddable":true,"href":"https:\/\/lider.ba\/en\/wp-json\/wp\/v2\/comments?post=5804"}],"version-history":[{"count":2,"href":"https:\/\/lider.ba\/en\/wp-json\/wp\/v2\/posts\/5804\/revisions"}],"predecessor-version":[{"id":5809,"href":"https:\/\/lider.ba\/en\/wp-json\/wp\/v2\/posts\/5804\/revisions\/5809"}],"wp:featuredmedia":[{"embeddable":true,"href":"https:\/\/lider.ba\/en\/wp-json\/wp\/v2\/media\/5810"}],"wp:attachment":[{"href":"https:\/\/lider.ba\/en\/wp-json\/wp\/v2\/media?parent=5804"}],"wp:term":[{"taxonomy":"category","embeddable":true,"href":"https:\/\/lider.ba\/en\/wp-json\/wp\/v2\/categories?post=5804"},{"taxonomy":"post_tag","embeddable":true,"href":"https:\/\/lider.ba\/en\/wp-json\/wp\/v2\/tags?post=5804"}],"curies":[{"name":"wp","href":"https:\/\/api.w.org\/{rel}","templated":true}]}}