{"id":4793,"date":"2024-01-11T13:41:15","date_gmt":"2024-01-11T12:41:15","guid":{"rendered":"https:\/\/lider.ba\/?p=4793"},"modified":"2024-01-11T13:41:19","modified_gmt":"2024-01-11T12:41:19","slug":"mkf-lider-posumljavanje-za-zajednistvo-i-odrzivu-buducnost","status":"publish","type":"post","link":"https:\/\/lider.ba\/en\/mkf-lider-posumljavanje-za-zajednistvo-i-odrzivu-buducnost\/","title":{"rendered":"MKF LIDER: Po\u0161umljavanje za zajedni\u0161tvo i odr\u017eivu budu\u0107nost"},"content":{"rendered":"\n<p><a href=\"https:\/\/lider.ba\/\">Mikrokreditna fondacija \u201eLIDER\u201c<\/a>\u00a0 u prelijepom okru\u017eenju mjesta Podgora kod Breze, organizirala akciju po\u0161umljavanja i dru\u017eenje uposlenika, \u010dime su jo\u0161 jednom pokazali svoju posve\u0107enost o\u010duvanju okoli\u0161a i dru\u0161tveno korisnom anga\u017emanu u zajednici.<\/p>\n\n\n\n<p>Akcija po\u0161umljavanja organizirana je u saradnji sa&nbsp;<strong>JP \u0160umsko-privredno dru\u0161tvo ZDK, Poslovna jedinica \u201e\u0160umarstvo\u201c Vare\u0161<\/strong>, koja je za ovu priliku obezbjedila veliki broj sadnica bora i nesebi\u010dnu podr\u0161ku svojih uposlenika.<\/p>\n\n\n\n<figure class=\"wp-block-image\"><img fetchpriority=\"high\" decoding=\"async\" width=\"1024\" height=\"683\" src=\"https:\/\/lider.ba\/wp-content\/uploads\/Lider-Tim-Posumljavanje-1024x683.webp\" alt=\"Lider Tim Posumljavanje\" class=\"wp-image-2106\" srcset=\"https:\/\/lider.ba\/wp-content\/uploads\/Lider-Tim-Posumljavanje-1024x683.webp 1024w, https:\/\/lider.ba\/wp-content\/uploads\/Lider-Tim-Posumljavanje-300x200.webp 300w, https:\/\/lider.ba\/wp-content\/uploads\/Lider-Tim-Posumljavanje-768x512.webp 768w, https:\/\/lider.ba\/wp-content\/uploads\/Lider-Tim-Posumljavanje-1536x1024.webp 1536w, https:\/\/lider.ba\/wp-content\/uploads\/Lider-Tim-Posumljavanje-2048x1365.webp 2048w\" sizes=\"(max-width: 1024px) 100vw, 1024px\" \/><\/figure>\n\n\n\n<p>Tako\u0111er, akcija je obuhvatila i edukativni dio, gdje su zaposlenici MKF \u201cLIDER\u201d i \u010dlanovi njihovih porodica, posebno djeca, stekli nova znanja o va\u017enosti \u0161uma za na\u0161 planet i o\u010duvanju prirode, kako pravilno saditi i odr\u017eavati sadnice borova. U\u010de\u0161\u0107e najmla\u0111ih u akciji po\u0161umljavanja sigurno \u0107e potaknuti njihovu budu\u0107u aktivnost u za\u0161titi okoli\u0161a u na\u0161em okru\u017eenju.<\/p>\n\n\n\n<p>Direktor MKF \u201cLIDER\u201d, D\u017eavid Sejfovi\u0107, izrazio je zahvalnost partnerima iz JP \u0160umsko-privrednog dru\u0161tva i kolegama iz LIDER-a za njihovu predanost i podr\u0161ku. Istaknuo je va\u017enost ovakvih inicijativa i naglasio da svaki doprinos o\u010duvanju prirode doprinosi boljoj i ljep\u0161oj budu\u0107nosti za sve.<\/p>\n\n\n\n<figure class=\"wp-block-image\"><img decoding=\"async\" width=\"1024\" height=\"683\" src=\"https:\/\/lider.ba\/wp-content\/uploads\/Sadnice-Posumljavanje-1024x683.webp\" alt=\"Sadnice Posumljavanje\" class=\"wp-image-2108\" srcset=\"https:\/\/lider.ba\/wp-content\/uploads\/Sadnice-Posumljavanje-1024x683.webp 1024w, https:\/\/lider.ba\/wp-content\/uploads\/Sadnice-Posumljavanje-300x200.webp 300w, https:\/\/lider.ba\/wp-content\/uploads\/Sadnice-Posumljavanje-768x512.webp 768w, https:\/\/lider.ba\/wp-content\/uploads\/Sadnice-Posumljavanje-1536x1024.webp 1536w, https:\/\/lider.ba\/wp-content\/uploads\/Sadnice-Posumljavanje-2048x1365.webp 2048w\" sizes=\"(max-width: 1024px) 100vw, 1024px\" \/><\/figure>\n\n\n\n<p>Iz PJ \u201c\u0160umarstvo\u201d Vare\u0161 naglasili su da posebno ohrabruje interes najmla\u0111ih za u\u010de\u0161\u0107em u akciji po\u0161umljavanja i \u017eelja za pozitivnim promjenama u prirodnom okru\u017eenju.<\/p>\n\n\n\n<p>Ovaj doga\u0111aj ne samo da je podsjetio na va\u017enost o\u010duvanja prirode, ve\u0107 i naglasio koliko se mo\u017ee posti\u0107i kada se udru\u017eimo za bolju budu\u0107nost.\u00a0<a href=\"https:\/\/lider.ba\/\">MKF LIDER<\/a>\u00a0i njeni uposlenici su pravi primjer kako zajedni\u010dki trud i predanost mogu stvoriti trajan i pozitivan utjecaj na okoli\u0161 i zajednicu.<\/p>\n\n\n\n<figure class=\"wp-block-image\"><img decoding=\"async\" width=\"1024\" height=\"576\" src=\"https:\/\/lider.ba\/wp-content\/uploads\/Lider-poruke-1024x576.webp\" alt=\"Lider Poruke\" class=\"wp-image-2109\" srcset=\"https:\/\/lider.ba\/wp-content\/uploads\/Lider-poruke-1024x576.webp 1024w, https:\/\/lider.ba\/wp-content\/uploads\/Lider-poruke-300x169.webp 300w, https:\/\/lider.ba\/wp-content\/uploads\/Lider-poruke-768x432.webp 768w, https:\/\/lider.ba\/wp-content\/uploads\/Lider-poruke.webp 1200w\" sizes=\"(max-width: 1024px) 100vw, 1024px\" \/><\/figure>\n\n\n\n<figure class=\"wp-block-image\"><img loading=\"lazy\" decoding=\"async\" width=\"1000\" height=\"667\" src=\"https:\/\/lider.ba\/wp-content\/uploads\/Sadnice-Breza.webp\" alt=\"Sadnice Breza\" class=\"wp-image-2110\" srcset=\"https:\/\/lider.ba\/wp-content\/uploads\/Sadnice-Breza.webp 1000w, https:\/\/lider.ba\/wp-content\/uploads\/Sadnice-Breza-300x200.webp 300w, https:\/\/lider.ba\/wp-content\/uploads\/Sadnice-Breza-768x512.webp 768w\" sizes=\"(max-width: 1000px) 100vw, 1000px\" \/><\/figure>\n\n\n\n<figure class=\"wp-block-image\"><img loading=\"lazy\" decoding=\"async\" width=\"1024\" height=\"683\" src=\"https:\/\/lider.ba\/wp-content\/uploads\/Lider-Tim-zajednicka-1024x683.webp\" alt=\"Lider Tim Zajednicka\" class=\"wp-image-2111\" srcset=\"https:\/\/lider.ba\/wp-content\/uploads\/Lider-Tim-zajednicka-1024x683.webp 1024w, https:\/\/lider.ba\/wp-content\/uploads\/Lider-Tim-zajednicka-300x200.webp 300w, https:\/\/lider.ba\/wp-content\/uploads\/Lider-Tim-zajednicka-768x512.webp 768w, https:\/\/lider.ba\/wp-content\/uploads\/Lider-Tim-zajednicka-1536x1024.webp 1536w, https:\/\/lider.ba\/wp-content\/uploads\/Lider-Tim-zajednicka-2048x1365.webp 2048w\" sizes=\"(max-width: 1024px) 100vw, 1024px\" \/><\/figure>\n","protected":false},"excerpt":{"rendered":"<p>Mikrokreditna fondacija \u201eLIDER\u201c\u00a0 u prelijepom okru\u017eenju mjesta Podgora kod Breze, organizirala akciju po\u0161umljavanja i dru\u017eenje uposlenika, \u010dime su jo\u0161 jednom pokazali svoju posve\u0107enost o\u010duvanju okoli\u0161a i dru\u0161tveno korisnom anga\u017emanu u zajednici. Akcija po\u0161umljavanja organizirana je u saradnji sa&nbsp;JP \u0160umsko-privredno dru\u0161tvo ZDK, Poslovna jedinica \u201e\u0160umarstvo\u201c Vare\u0161, koja je za ovu priliku obezbjedila veliki broj sadnica bora [&hellip;]<\/p>\n","protected":false},"author":3,"featured_media":4794,"comment_status":"closed","ping_status":"closed","sticky":false,"template":"","format":"standard","meta":{"_acf_changed":false,"slim_seo":{"title":"MKF\u201eLIDER\u201c kod Breze, organizirala akciju po\u0161umljavanja","description":"Mikrokreditna fondacija \u201eLIDER\u201c\u00a0 u prelijepom okru\u017eenju mjesta Podgora kod Breze, organizirala akciju po\u0161umljavanja i dru\u017eenje uposlenika"},"footnotes":""},"categories":[9],"tags":[],"class_list":["post-4793","post","type-post","status-publish","format-standard","has-post-thumbnail","hentry","category-drustvena-odgovornost"],"acf":[],"_links":{"self":[{"href":"https:\/\/lider.ba\/en\/wp-json\/wp\/v2\/posts\/4793","targetHints":{"allow":["GET"]}}],"collection":[{"href":"https:\/\/lider.ba\/en\/wp-json\/wp\/v2\/posts"}],"about":[{"href":"https:\/\/lider.ba\/en\/wp-json\/wp\/v2\/types\/post"}],"author":[{"embeddable":true,"href":"https:\/\/lider.ba\/en\/wp-json\/wp\/v2\/users\/3"}],"replies":[{"embeddable":true,"href":"https:\/\/lider.ba\/en\/wp-json\/wp\/v2\/comments?post=4793"}],"version-history":[{"count":2,"href":"https:\/\/lider.ba\/en\/wp-json\/wp\/v2\/posts\/4793\/revisions"}],"predecessor-version":[{"id":4798,"href":"https:\/\/lider.ba\/en\/wp-json\/wp\/v2\/posts\/4793\/revisions\/4798"}],"wp:featuredmedia":[{"embeddable":true,"href":"https:\/\/lider.ba\/en\/wp-json\/wp\/v2\/media\/4794"}],"wp:attachment":[{"href":"https:\/\/lider.ba\/en\/wp-json\/wp\/v2\/media?parent=4793"}],"wp:term":[{"taxonomy":"category","embeddable":true,"href":"https:\/\/lider.ba\/en\/wp-json\/wp\/v2\/categories?post=4793"},{"taxonomy":"post_tag","embeddable":true,"href":"https:\/\/lider.ba\/en\/wp-json\/wp\/v2\/tags?post=4793"}],"curies":[{"name":"wp","href":"https:\/\/api.w.org\/{rel}","templated":true}]}}