{"id":2498,"date":"2023-09-14T19:05:00","date_gmt":"2023-09-14T18:05:00","guid":{"rendered":"https:\/\/lider.ba\/?p=2498"},"modified":"2023-12-28T19:11:30","modified_gmt":"2023-12-28T18:11:30","slug":"mkf-lider-ekonomska-olimpijada","status":"publish","type":"post","link":"https:\/\/lider.ba\/en\/mkf-lider-ekonomska-olimpijada\/","title":{"rendered":"\u0160ta drugi pi\u0161u o nama \u2013 Dnevni.ba \/ Podr\u0161ka Ekonomskoj olimpijadi je investicija u budu\u0107nost na\u0161e ekonomije"},"content":{"rendered":"\n<p><a href=\"https:\/\/lider.ba\/\">Mikrokreditna fondacija LIDER<\/a>, od svog osnivanja isti\u010de se kao zagovornik obrazovanja i dru\u0161tvene odgovornosti, pa tako s ponosom kontinuirano podr\u017eava projekat&nbsp;<strong>Ekonomske olimpijada u organizaciji Udru\u017eenja Liberalni forum<\/strong>. Kroz protekle tri godine, MKF LIDER je odigrao klju\u010dnu ulogu u podr\u0161ci razvoju mladih ekonomista i finansijskih stru\u010dnjaka u Bosni i Hercegovini.<\/p>\n\n\n\n<p>U okviru ovog izazovnog takmi\u010denja, u kojem je 136 u\u010desnika iz 39 srednjih \u0161kola u Bosni i Hercegovini, pokazalo svoje znanje iz oblasti ekonomije i finansija,\u00a0<strong>MKF LIDER<\/strong>\u00a0je pru\u017eio podr\u0161ku mladim talentima, omogu\u0107iv\u0161i im takmi\u010denje i unapre\u0111enje njihovih vje\u0161tina. Dodatno, MKF LIDER je podr\u017eao finaliste takmi\u010denja i omogu\u0107io im da predstavljaju na\u0161u zemlju na me\u0111unarodnom takmi\u010denju Ekonomske olimpijade u Bratislavi.<\/p>\n\n\n\n<figure class=\"wp-block-image size-full\"><img fetchpriority=\"high\" decoding=\"async\" width=\"960\" height=\"565\" src=\"https:\/\/lider.ba\/wp-content\/uploads\/MKF-LIDER-Ekonomska-Olimpijada.webp\" alt=\"Mkf Lider Ekonomska Olimpijada\" class=\"wp-image-2503\" srcset=\"https:\/\/lider.ba\/wp-content\/uploads\/MKF-LIDER-Ekonomska-Olimpijada.webp 960w, https:\/\/lider.ba\/wp-content\/uploads\/MKF-LIDER-Ekonomska-Olimpijada-300x177.webp 300w, https:\/\/lider.ba\/wp-content\/uploads\/MKF-LIDER-Ekonomska-Olimpijada-768x452.webp 768w\" sizes=\"(max-width: 960px) 100vw, 960px\" \/><\/figure>\n\n\n\n<p>Prije nego \u0161to su krenuli na put ka velikom finalu u Bratislavi,&nbsp;<a href=\"https:\/\/lider.ba\/\">MKF LIDER<\/a>&nbsp;je organizovao susret sa mladim ekonomistima, pru\u017eiv\u0161i im jedinstvenu priliku da se upoznaju sa osnovama mikrofinansija i mikrokreditnog sektora u Bosni i Hercegovini. Istovremeno, vode\u0107i stru\u010dnjaci iz LIDERA su podijelili svoje bogato iskustvo i informacije o perspektivama koje mikrokreditni sektor nudi mladim ljudima za u\u010denje, rast i razvoj karijere.<\/p>\n\n\n\n<p>Zahvaljuju\u0107i opse\u017enim pripremama finalisti ovogodi\u0161njeg takmi\u010denja \u2013\u00a0<strong>Emina Hod\u017ei\u0107 iz Fojnice, Sead Gaki\u0107 iz Konjica, te Lana Kom\u0161i\u0107, Sara \u010cengi\u0107 i Asad Grabovica iz Sarajeva<\/strong>\u00a0\u2013 bili su spremni da dostojno predstavljaju na\u0161u zemlju na najpresti\u017enijem svjetskom ekonomskom takmi\u010denju za srednjo\u0161kolce, koje se odr\u017ealo 5. i 6. septembra u Bratislavi, okupiv\u0161i 14 zemalja iz cijelog svijeta. Na\u0161i finalisti su u ozbiljnoj konkurenciji postigli zavidne rezultate, a finalistica Emina Hod\u017ei\u0107 ostvarila je i najbolji plasman na\u0161ih predstavnika do sada.<\/p>\n\n\n\n<figure class=\"wp-block-image size-full\"><img decoding=\"async\" width=\"900\" height=\"600\" src=\"https:\/\/lider.ba\/wp-content\/uploads\/Predstavnici-BiH-pred-takmicenje.webp\" alt=\"Predstavnici Bih Pred Takmicenje\" class=\"wp-image-2504\" srcset=\"https:\/\/lider.ba\/wp-content\/uploads\/Predstavnici-BiH-pred-takmicenje.webp 900w, https:\/\/lider.ba\/wp-content\/uploads\/Predstavnici-BiH-pred-takmicenje-300x200.webp 300w, https:\/\/lider.ba\/wp-content\/uploads\/Predstavnici-BiH-pred-takmicenje-768x512.webp 768w\" sizes=\"(max-width: 900px) 100vw, 900px\" \/><\/figure>\n\n\n\n<p>MKF LIDER, svojom dugogodi\u0161njom posve\u0107eno\u0161\u0107u podr\u0161ci mladim ekonomistima, postao je klju\u010dni partner Ekonomske olimpijade. Njihova posve\u0107enost obrazovanju i razvoju mladih ljudi predstavlja izvanredan primjer dru\u0161tveno odgovornog poslovanja i podr\u0161ke zajednici.<\/p>\n\n\n\n<p>Svjesni va\u017enosti ulaganja u mlade talente i podr\u0161ke njihovom obrazovanju i razvoju, MKF LIDER pru\u017ea i besplatne nefinansijske usluge mladim poduzetnicima i njihovo uvezivanje s tr\u017ei\u0161tem putem platforme&nbsp;<a href=\"https:\/\/pravilider.ba\/\">Pravi lider<\/a>.<\/p>\n\n\n\n<p>Ova podr\u0161ka ne samo da formira budu\u0107e lidere u oblasti ekonomije i poduzetni\u0161tva, ve\u0107 tako\u0111er ja\u010da temelje dru\u0161tvene odgovornosti i odr\u017eivog razvoja. Nastavi\u0107emo da zajedno gradimo svjetliju budu\u0107nost kroz obrazovanje, inspiraciju i podr\u0161ku mladim generacijama, jer su oni stubovi na\u0161e budu\u0107nosti i snaga koja \u0107e oblikovati na\u0161 svijet.<\/p>\n\n\n\n<figure class=\"wp-block-image size-large\"><img decoding=\"async\" width=\"1024\" height=\"683\" src=\"https:\/\/lider.ba\/wp-content\/uploads\/Zajednicka-fotografija-svih-takmicara-1024x683.webp\" alt=\"Zajednicka Fotografija Svih Takmicara\" class=\"wp-image-2506\" srcset=\"https:\/\/lider.ba\/wp-content\/uploads\/Zajednicka-fotografija-svih-takmicara-1024x683.webp 1024w, https:\/\/lider.ba\/wp-content\/uploads\/Zajednicka-fotografija-svih-takmicara-300x200.webp 300w, https:\/\/lider.ba\/wp-content\/uploads\/Zajednicka-fotografija-svih-takmicara-768x512.webp 768w, https:\/\/lider.ba\/wp-content\/uploads\/Zajednicka-fotografija-svih-takmicara-1536x1024.webp 1536w, https:\/\/lider.ba\/wp-content\/uploads\/Zajednicka-fotografija-svih-takmicara.webp 2048w\" sizes=\"(max-width: 1024px) 100vw, 1024px\" \/><\/figure>\n\n\n\n<figure class=\"wp-block-image size-full\"><img loading=\"lazy\" decoding=\"async\" width=\"768\" height=\"960\" src=\"https:\/\/lider.ba\/wp-content\/uploads\/Ucesnici-BiH-u-Slovackoj.webp\" alt=\"Ucesnici Bih U Slovackoj\" class=\"wp-image-2507\" srcset=\"https:\/\/lider.ba\/wp-content\/uploads\/Ucesnici-BiH-u-Slovackoj.webp 768w, https:\/\/lider.ba\/wp-content\/uploads\/Ucesnici-BiH-u-Slovackoj-240x300.webp 240w\" sizes=\"(max-width: 768px) 100vw, 768px\" \/><\/figure>\n\n\n\n<p>Izvor:&nbsp;<a href=\"https:\/\/dnevni.ba\/posao-2\/mkf-lider-podrska-ekonomskoj-olimpijadi-je-investicija-u-buducnost-nase-ekonomije\/\">Dnevni.ba<\/a><\/p>\n","protected":false},"excerpt":{"rendered":"<p>Mikrokreditna fondacija LIDER, od svog osnivanja isti\u010de se kao zagovornik obrazovanja i dru\u0161tvene odgovornosti, pa tako s ponosom kontinuirano podr\u017eava projekat&nbsp;Ekonomske olimpijada u organizaciji Udru\u017eenja Liberalni forum. Kroz protekle tri godine, MKF LIDER je odigrao klju\u010dnu ulogu u podr\u0161ci razvoju mladih ekonomista i finansijskih stru\u010dnjaka u Bosni i Hercegovini. U okviru ovog izazovnog takmi\u010denja, u [&hellip;]<\/p>\n","protected":false},"author":4,"featured_media":2502,"comment_status":"closed","ping_status":"closed","sticky":false,"template":"","format":"standard","meta":{"_acf_changed":false,"slim_seo":{"title":"\u0160ta drugi pi\u0161u o nama \u2013 Dnevni.ba \/ Podr\u0161ka Ekonomskoj olimpijadi je investicija u budu\u0107nost na\u0161e ekonomije - Lider - Mikrokreditna fondacija","description":"Mikrokreditna fondacija LIDER , od svog osnivanja isti\u010de se kao zagovornik obrazovanja i dru\u0161tvene odgovornosti, pa tako s ponosom kontinuirano podr\u017eava projeka"},"footnotes":""},"categories":[1],"tags":[],"class_list":["post-2498","post","type-post","status-publish","format-standard","has-post-thumbnail","hentry","category-novosti"],"acf":[],"_links":{"self":[{"href":"https:\/\/lider.ba\/en\/wp-json\/wp\/v2\/posts\/2498","targetHints":{"allow":["GET"]}}],"collection":[{"href":"https:\/\/lider.ba\/en\/wp-json\/wp\/v2\/posts"}],"about":[{"href":"https:\/\/lider.ba\/en\/wp-json\/wp\/v2\/types\/post"}],"author":[{"embeddable":true,"href":"https:\/\/lider.ba\/en\/wp-json\/wp\/v2\/users\/4"}],"replies":[{"embeddable":true,"href":"https:\/\/lider.ba\/en\/wp-json\/wp\/v2\/comments?post=2498"}],"version-history":[{"count":0,"href":"https:\/\/lider.ba\/en\/wp-json\/wp\/v2\/posts\/2498\/revisions"}],"wp:featuredmedia":[{"embeddable":true,"href":"https:\/\/lider.ba\/en\/wp-json\/wp\/v2\/media\/2502"}],"wp:attachment":[{"href":"https:\/\/lider.ba\/en\/wp-json\/wp\/v2\/media?parent=2498"}],"wp:term":[{"taxonomy":"category","embeddable":true,"href":"https:\/\/lider.ba\/en\/wp-json\/wp\/v2\/categories?post=2498"},{"taxonomy":"post_tag","embeddable":true,"href":"https:\/\/lider.ba\/en\/wp-json\/wp\/v2\/tags?post=2498"}],"curies":[{"name":"wp","href":"https:\/\/api.w.org\/{rel}","templated":true}]}}