{"id":2425,"date":"2022-01-14T18:14:00","date_gmt":"2022-01-14T17:14:00","guid":{"rendered":"https:\/\/lider.ba\/?p=2425"},"modified":"2023-12-28T18:16:30","modified_gmt":"2023-12-28T17:16:30","slug":"odlicni-poslovni-rezultati-pred-veliki-jubilej-2","status":"publish","type":"post","link":"https:\/\/lider.ba\/en\/odlicni-poslovni-rezultati-pred-veliki-jubilej-2\/","title":{"rendered":"Odli\u010dni poslovni rezultati pred veliki jubilej"},"content":{"rendered":"\n<h2 class=\"wp-block-heading\">Odli\u010dan po\u010detak nove godine za Mikrokreditnu fondaciju \u201cLider\u201d<\/h2>\n\n\n\n<p>Jo\u0161 jedna uspje\u0161na poslovna godina je za&nbsp;<strong><a href=\"https:\/\/lider.ba\/\">Mikrokreditnom fondacijom \u201cLider\u201d<\/a><\/strong>&nbsp;\u0161to predstavlja odli\u010dan uvod za narednu 2022. godinu kada Lider proslavlja jubilarnih 20 godina poslovanja.<\/p>\n\n\n\n<p>Direktor&nbsp;<strong>D\u017eavid Sejfovi\u0107<\/strong>&nbsp;tim povodom je naglasio da je MKF \u201cLider\u201d ozbiljno shvatio tr\u017ei\u0161ne izazove s kojima se suo\u010davaju ve\u0107 dvije godine zbog pandemije, te da su stoga poslovanje morali prilagoditi novim trendovima i tehnologijama digitalnih servisa.<\/p>\n\n\n\n<p>\u201cKako bismo na\u0161im klijentima osigurali usluge najvi\u0161e kvalitete, u mnogim segmentima poslovanja smo morali biti proaktivni. Na\u0161e klijenate smo navikli na vrhunske usluge sa dosta dodatnih beneficija u smisliu nefinansijskih usluga i tako smo i nastavili. U 2021. godini smo razvili jedinstvenu&nbsp;<strong><a href=\"https:\/\/pravilider.ba\/\">online platformu \u201cPravi lider\u201d<\/a><\/strong>&nbsp;koja \u0107e malim privrednicima omogu\u0107iti da besplatno ogla\u0161avaju svoje proizvode i usluge, te dobiju pristup edukacijama, oglase svoju potra\u017enju za partnerstvom ili investitorom.<\/p>\n\n\n\n<p><strong><a href=\"https:\/\/pravilider.ba\/\">Pravi lider<\/a>&nbsp;<\/strong>im omogu\u0107ava da pro\u010ditaju sve aktualne javne pozive i va\u017ene informacije vezano za njihov biznis, ali i da jednostavno i potpuno besplatno kreiraju mini-web stranicu za svoju firmu\u201d, ka\u017ee Sejfovi\u0107, te nagla\u0161ava da je reakcija klijenata, ali i drugih malih privrednika koji jo\u0161 uvijek ne posluju sa Liderom bila odli\u010dna.<\/p>\n\n\n\n<p>\u201cOva biznis platforma jedinstvena je ne samo u BiH, ve\u0107 i u regionu jer niti jedna platforma ne daje mogu\u0107nosti besplatne promocije uz postojanje mini web stranice ili profila klijenta sa svim podacima, uklju\u010duju\u0107i i linkove ka njihovim digitalnim mre\u017eama. Platforma \u0107e im zasigurno pomo\u0107i da unaprijede svoje biznise ali i da pro\u0161ire svoja tr\u017ei\u0161ta\u201d, rekao je Sefovi\u0107.<\/p>\n\n\n\n<p><strong>Mikrokreditna fondacija Lider je u 2021. godini plasirala 5.800 kredita sa ukupnom vrijednosti od 23 miliona KM.<\/strong><\/p>\n\n\n\n<p>\u201cNa\u0161 portfolio iznosi preko 25 miliona KM, a ono \u0161to je bitno naglasiti je da 25% Liderovog portfolija \u010dini kategorija mladih (18 \u2013 30 godina) na \u0161to smo posebno ponosni. Podr\u017eali smo 2.200 malih poduzetnika i poljoprivrednika kreditima u ukupnom iznosu od 10 miliona KM. Tako\u0111er je bitan podatak da smo od na\u0161eg osnivanja prije 19 godina do danas&nbsp; kroz kredite odr\u017eali skoro 38.000 radnih mjesta, a pomogli smo u kreiranju preko 10.800 novih radnih mjesta\u201d, ka\u017ee Sejfovi\u0107.<\/p>\n\n\n\n<h3 class=\"wp-block-heading\"><strong>Postignu\u0107a MKF \u201cLIDER\u201d u proteklih 20.godina<\/strong><\/h3>\n\n\n\n<p><strong><a href=\"https:\/\/lider.ba\/\">MKF Lider<\/a>&nbsp;<\/strong>sa vi\u0161e od 70 uposlenika posluje sa oko 7.500 klijenata. Do sada je plasirano vi\u0161e od 75.800 kredita u iznosu od 240 miliona KM, od toga 119 miliona KM ZA MALE BIZNISE I POLJOPRIVREDNIKE, 82 miliona KM za pobolj\u0161anje uslova stanovanja gra\u0111ana, te 8,9 miliona KM mjera za oporavak od&nbsp; negativnih ekonomskih posljedica pandemije COVID-19\u2026<\/p>\n","protected":false},"excerpt":{"rendered":"<p>Odli\u010dan po\u010detak nove godine za Mikrokreditnu fondaciju \u201cLider\u201d Jo\u0161 jedna uspje\u0161na poslovna godina je za&nbsp;Mikrokreditnom fondacijom \u201cLider\u201d&nbsp;\u0161to predstavlja odli\u010dan uvod za narednu 2022. godinu kada Lider proslavlja jubilarnih 20 godina poslovanja. Direktor&nbsp;D\u017eavid Sejfovi\u0107&nbsp;tim povodom je naglasio da je MKF \u201cLider\u201d ozbiljno shvatio tr\u017ei\u0161ne izazove s kojima se suo\u010davaju ve\u0107 dvije godine zbog pandemije, te da [&hellip;]<\/p>\n","protected":false},"author":4,"featured_media":2417,"comment_status":"closed","ping_status":"closed","sticky":false,"template":"","format":"standard","meta":{"_acf_changed":false,"slim_seo":{"title":"Odli\u010dni poslovni rezultati pred veliki jubilej - Lider - Mikrokreditna fondacija","description":"Odli\u010dan po\u010detak nove godine za Mikrokreditnu fondaciju \u201cLider\u201d Jo\u0161 jedna uspje\u0161na poslovna godina je za&nbsp; Mikrokreditnom fondacijom \u201cLider\u201d &nbsp;\u0161to predst"},"footnotes":""},"categories":[1],"tags":[],"class_list":["post-2425","post","type-post","status-publish","format-standard","has-post-thumbnail","hentry","category-novosti"],"acf":[],"_links":{"self":[{"href":"https:\/\/lider.ba\/en\/wp-json\/wp\/v2\/posts\/2425","targetHints":{"allow":["GET"]}}],"collection":[{"href":"https:\/\/lider.ba\/en\/wp-json\/wp\/v2\/posts"}],"about":[{"href":"https:\/\/lider.ba\/en\/wp-json\/wp\/v2\/types\/post"}],"author":[{"embeddable":true,"href":"https:\/\/lider.ba\/en\/wp-json\/wp\/v2\/users\/4"}],"replies":[{"embeddable":true,"href":"https:\/\/lider.ba\/en\/wp-json\/wp\/v2\/comments?post=2425"}],"version-history":[{"count":0,"href":"https:\/\/lider.ba\/en\/wp-json\/wp\/v2\/posts\/2425\/revisions"}],"wp:featuredmedia":[{"embeddable":true,"href":"https:\/\/lider.ba\/en\/wp-json\/wp\/v2\/media\/2417"}],"wp:attachment":[{"href":"https:\/\/lider.ba\/en\/wp-json\/wp\/v2\/media?parent=2425"}],"wp:term":[{"taxonomy":"category","embeddable":true,"href":"https:\/\/lider.ba\/en\/wp-json\/wp\/v2\/categories?post=2425"},{"taxonomy":"post_tag","embeddable":true,"href":"https:\/\/lider.ba\/en\/wp-json\/wp\/v2\/tags?post=2425"}],"curies":[{"name":"wp","href":"https:\/\/api.w.org\/{rel}","templated":true}]}}