{"id":2386,"date":"2020-07-07T17:34:00","date_gmt":"2020-07-07T16:34:00","guid":{"rendered":"https:\/\/lider.ba\/?p=2386"},"modified":"2023-12-28T17:41:35","modified_gmt":"2023-12-28T16:41:35","slug":"sta-drugi-pisu-o-nama-radio-sarajevo-mkf-lider-u-posjeti-svojim-klijentima-korona-ozbiljno-prijeti-gasenjem-malih-biznisa","status":"publish","type":"post","link":"https:\/\/lider.ba\/en\/sta-drugi-pisu-o-nama-radio-sarajevo-mkf-lider-u-posjeti-svojim-klijentima-korona-ozbiljno-prijeti-gasenjem-malih-biznisa\/","title":{"rendered":"\u0160ta drugi pi\u0161u o nama? Radio Sarajevo \u2013 MKF Lider u posjeti svojim klijentima: Korona ozbiljno prijeti ga\u0161enjem malih biznisa"},"content":{"rendered":"\n<p><strong>Poslovanje ve\u0107ine malih privrednika ugro\u017eeno je pandemijom koronavirusa<\/strong>. U stalnoj brizi za njihovo poslovanje i oporavak, tim Mikrokreditne fondacije\u00a0<strong>LIDER<\/strong>\u00a0na \u010delu sa direktorom\u00a0<strong>D\u017eavidom Sejfovi\u0107em<\/strong>, posjetili su svoje klijente \u0161irom BiH. Tom prilikom obrtnici su ih upoznali sa trenutnim stanjem, \u0161tetom koju su pretrpili i pojasnili u kojoj mjeri su im pomogli moratoriji na otplatu kredita. Tako\u0111er, razgovarano je o na\u010dinima i mogu\u0107nostima pomo\u0107i za ubla\u017eavanje posljedica pandemije kao i nedavnih poplava koje su pretrpili privrednici iz Tuzlanskog Kantona.<\/p>\n\n\n\n<figure class=\"wp-block-image size-full\"><img fetchpriority=\"high\" decoding=\"async\" width=\"600\" height=\"400\" src=\"https:\/\/lider.ba\/wp-content\/uploads\/Bildo-Company-5-600x400-1.webp\" alt=\"Bildo Company 5 600x400 1\" class=\"wp-image-2388\" srcset=\"https:\/\/lider.ba\/wp-content\/uploads\/Bildo-Company-5-600x400-1.webp 600w, https:\/\/lider.ba\/wp-content\/uploads\/Bildo-Company-5-600x400-1-300x200.webp 300w\" sizes=\"(max-width: 600px) 100vw, 600px\" \/><\/figure>\n\n\n\n<p>\u201c<strong>Situacija je ozbiljna, ovi ljudi su gotovo preko no\u0107i ostali bez svojih biznisa, a samim tim i bez osnovnih sredstava za \u017eivot.<\/strong>&nbsp;Mi smo tu da im pru\u017eimo podr\u0161ku i ponudimo svoju pomo\u0107. Na\u017ealost, ve\u0107ina njih jo\u0161 uvijek nije dobila nikakvu pomo\u0107 od federalnih i kantonalnih institucija vlasti i prijeti im ga\u0161enje biznisa. Mi \u0107emo u\u010diniti sve da do toga ne do\u0111e\u201d, kazao je direktor Lidera D\u017eavid Sejfovi\u0107.<\/p>\n\n\n\n<p>Treba napomenuti da je MKF Lider od po\u010detka krize odobrio vi\u0161e od 2000 moratorija na kredite za ugro\u017eene male privrednike, te je zna\u010dajno umanjio kamatu koja se obra\u010dunava u periodu moratorija, a pokrenuli su i nove programe za pomo\u0107 svojim klijentima.<\/p>\n\n\n\n<p>\u201cMi nastavljamo sa programima pomo\u0107i na\u0161im klijentima te smo razvili posebne kreditne proizvode za brzi oporavak biznisa \u201e<strong>Best Start<\/strong>\u201c, a tako\u0111e u saradnji sa Razvojnom bankom FBiH pripremamo dodatnu kreditnu liniju za poduzetnike pod izuzetno povoljnim uslovima\u201c, naglasio je Sejfovi\u0107.<\/p>\n\n\n\n<figure class=\"wp-block-image size-full\"><img decoding=\"async\" width=\"768\" height=\"492\" src=\"https:\/\/lider.ba\/wp-content\/uploads\/Frizerski-Tondeo-Fatima-Jakic3-768x492-1.webp\" alt=\"Frizerski Tondeo Fatima Jakic3 768x492 1\" class=\"wp-image-2389\" srcset=\"https:\/\/lider.ba\/wp-content\/uploads\/Frizerski-Tondeo-Fatima-Jakic3-768x492-1.webp 768w, https:\/\/lider.ba\/wp-content\/uploads\/Frizerski-Tondeo-Fatima-Jakic3-768x492-1-300x192.webp 300w\" sizes=\"(max-width: 768px) 100vw, 768px\" \/><\/figure>\n\n\n\n<p>Fatima Jaki\u0107, vlasnica frizerskog salona \u201cTondeo\u201d iz Mostara, koja se ve\u0107 dugi niz godina bavi ovim poslom, zbog pandemije je morala zatvoriti salon na dva mjeseca, \u0161to je uveliko ugrozilo njen biznis.<\/p>\n\n\n\n<p>\u201cNisam bila u mogu\u0107nosti izmiriti svoje obaveze jer nismo radili skoro dva mjeseca, stoga mi puno zna\u010di to \u0161to mi je odobren moratorij na teku\u0107em kreditu uz odgodu pla\u0107anja. Ovom prilikom bih se zahvalila MKF Lider na svesrdnoj podr\u0161ci jer bez ovog ne bih mogla nastaviti sa poslom. Nadam se da \u0107e neka sli\u010dna potpora do\u0107i od federalnih i kantonalnih vlasti\u201d, kazala je Fatima.<\/p>\n\n\n\n<figure class=\"wp-block-image size-full\"><img decoding=\"async\" width=\"768\" height=\"701\" src=\"https:\/\/lider.ba\/wp-content\/uploads\/Bildo-Company-4-768x701-1.webp\" alt=\"Bildo Company 4 768x701 1\" class=\"wp-image-2390\" srcset=\"https:\/\/lider.ba\/wp-content\/uploads\/Bildo-Company-4-768x701-1.webp 768w, https:\/\/lider.ba\/wp-content\/uploads\/Bildo-Company-4-768x701-1-300x274.webp 300w\" sizes=\"(max-width: 768px) 100vw, 768px\" \/><\/figure>\n\n\n\n<p><strong>I Omer \u010celebi\u0107, vlasnik i direktor \u201cBildo Company\u201d,<\/strong>&nbsp;firme iz Visokog koja se bavi stakleni\u010dkim i plasteni\u010dkim uzgojem povr\u0107a, vo\u0107a i cvije\u0107a pretrpio je velike gubitke. Pandemija je pogodila njegov biznis, jer je zbog zatvaranja pijaca plasman proizvoda bio ote\u017ean i sveden na otkup od strane veleprodaja, \u0161to je uveliko utjecalo na prihode.<\/p>\n\n\n\n<p>\u201cPlasman mojih proizvoda je stvarno bio ote\u017ean, nisam mogao snabdijevati svoje redovne mu\u0161terije direktno na pijacama u Sarajevu. Kreditno smo jako optere\u0107eni i bi\u0107e veliki izazov ponovo se vratiti na tr\u017ei\u0161te zato je svaka pomo\u0107 dobrodo\u0161la. MKF LIDER je moj dugogodi\u0161nji partner i jo\u0161 jednom su opravdali moje povjerenje.<strong>\u00a0Uz puno razumjevanje situacije pru\u017eili su mi podr\u0161ku u vidu moratorija na teku\u0107em kreditu uz odgodu pla\u0107anja dok se situacija ne pobolj\u0161a.<\/strong>\u00a0Tako\u0111er ponudili su mi i posebnu kreditnu liniju kako bi mogli prevazi\u0107i nagomilane obaveze i krenuti u oporavak poslovanja\u201d, kazao je Omer.<\/p>\n\n\n\n<figure class=\"wp-block-image size-full\"><img loading=\"lazy\" decoding=\"async\" width=\"768\" height=\"604\" src=\"https:\/\/lider.ba\/wp-content\/uploads\/Bajramovic-Tale-5-768x604-1.webp\" alt=\"Bajramovic Tale 5 768x604 1\" class=\"wp-image-2391\" srcset=\"https:\/\/lider.ba\/wp-content\/uploads\/Bajramovic-Tale-5-768x604-1.webp 768w, https:\/\/lider.ba\/wp-content\/uploads\/Bajramovic-Tale-5-768x604-1-300x236.webp 300w\" sizes=\"(max-width: 768px) 100vw, 768px\" \/><\/figure>\n\n\n\n<p>Kriza nije zaobi\u0161la niti tradicionalne zanatlije poput kazand\u017eije&nbsp;<strong>Taleta Bajramovi\u0107a iz Kaknja, koji se ovim zanatom bavi dugi niz godina<\/strong>. Ve\u0107inu svojih proizvoda Tale prodaje u suvenirnicama \u0161irom BiH ali po\u0161to je plasman njegovih proizvoda bio u potpunosti onemogu\u0107en, njegovi prihodi, od kojih hrani \u0161esto\u010dlanu porodicu, svedeni su na nulu.<\/p>\n\n\n\n<p>\u201cOd po\u010detka pandemije gotovo da nisam prodao niti jedan proizvod. Suvenirnice u kojima prodajem svoju robu, naro\u010dito u Mostaru i Sarajevu, vi\u0161e ne rade nego \u0161to rade. Sve je svedeno na minimum i iskreno ne znam kako dalje. Odgoda pla\u0107anja kredita koju nam je omogu\u0107io MKF Lider je do\u0161la u pravom trenutku i pomo\u0107i \u0107e mi da nastavim sa proizvodnjom. Obradovala me je posjeta delegacije Lidera, a \u010dak su mi donijeli i lijep poklon. Nadam se da \u0107emo uskoro sara\u0111ivati na novim kreditima\u201d, rekao je Tale.<\/p>\n\n\n\n<p>Direktor MKF Lider ka\u017ee da su gotovo svi mali proizvo\u0111a\u010di pogo\u0111eni ovim stanjem, te da je sada, vi\u0161e nego ikada, potrebno da kupujemo od malih, lokalnih proizvo\u0111a\u010da i na taj na\u010din podr\u017eimo oporavak njihovih biznisa.<\/p>\n\n\n\n<p>\u201cSada je izuzetno va\u017eno je da se me\u0111usobno podr\u017eimo da bismo pre\u017eivjeli ovu situaciju, jer o\u010digledno da nam slijedi dug period ekonomskog opravka od pandemije. MKF Lider \u0107e u\u010diniti sve da olak\u0161a oporavak svojih klijenata kako bi lak\u0161e prebrodili ekonomsku krizu\u201d, kazao je Sejfovi\u0107.<\/p>\n\n\n\n<p>Izvor:&nbsp;<a href=\"https:\/\/radiosarajevo.ba\/biznis\/kompanije\/mkf-lider-u-posjeti-svojim-klijentima-korona-ozbiljno-prijeti-gasenjem-malih-biznisa\/382559\" target=\"_blank\" rel=\"noreferrer noopener\">https:\/\/radiosarajevo.ba\/biznis\/kompanije\/mkf-lider-u-posjeti-svojim-klijentima-korona-ozbiljno-prijeti-gasenjem-malih-biznisa\/382559<\/a><\/p>\n","protected":false},"excerpt":{"rendered":"<p>Poslovanje ve\u0107ine malih privrednika ugro\u017eeno je pandemijom koronavirusa. U stalnoj brizi za njihovo poslovanje i oporavak, tim Mikrokreditne fondacije\u00a0LIDER\u00a0na \u010delu sa direktorom\u00a0D\u017eavidom Sejfovi\u0107em, posjetili su svoje klijente \u0161irom BiH. Tom prilikom obrtnici su ih upoznali sa trenutnim stanjem, \u0161tetom koju su pretrpili i pojasnili u kojoj mjeri su im pomogli moratoriji na otplatu kredita. Tako\u0111er, [&hellip;]<\/p>\n","protected":false},"author":4,"featured_media":2387,"comment_status":"closed","ping_status":"closed","sticky":false,"template":"","format":"standard","meta":{"_acf_changed":false,"slim_seo":{"title":"\u0160ta drugi pi\u0161u o nama? Radio Sarajevo \u2013 MKF Lider u posjeti svojim klijentima: Korona ozbiljno prijeti ga\u0161enjem malih biznisa - Lider - Mikrokreditna fondacija","description":"Poslovanje ve\u0107ine malih privrednika ugro\u017eeno je pandemijom koronavirusa . U stalnoj brizi za njihovo poslovanje i oporavak, tim Mikrokreditne fondacije\u00a0 LIDER \u00a0"},"footnotes":""},"categories":[1],"tags":[],"class_list":["post-2386","post","type-post","status-publish","format-standard","has-post-thumbnail","hentry","category-novosti"],"acf":[],"_links":{"self":[{"href":"https:\/\/lider.ba\/en\/wp-json\/wp\/v2\/posts\/2386","targetHints":{"allow":["GET"]}}],"collection":[{"href":"https:\/\/lider.ba\/en\/wp-json\/wp\/v2\/posts"}],"about":[{"href":"https:\/\/lider.ba\/en\/wp-json\/wp\/v2\/types\/post"}],"author":[{"embeddable":true,"href":"https:\/\/lider.ba\/en\/wp-json\/wp\/v2\/users\/4"}],"replies":[{"embeddable":true,"href":"https:\/\/lider.ba\/en\/wp-json\/wp\/v2\/comments?post=2386"}],"version-history":[{"count":0,"href":"https:\/\/lider.ba\/en\/wp-json\/wp\/v2\/posts\/2386\/revisions"}],"wp:featuredmedia":[{"embeddable":true,"href":"https:\/\/lider.ba\/en\/wp-json\/wp\/v2\/media\/2387"}],"wp:attachment":[{"href":"https:\/\/lider.ba\/en\/wp-json\/wp\/v2\/media?parent=2386"}],"wp:term":[{"taxonomy":"category","embeddable":true,"href":"https:\/\/lider.ba\/en\/wp-json\/wp\/v2\/categories?post=2386"},{"taxonomy":"post_tag","embeddable":true,"href":"https:\/\/lider.ba\/en\/wp-json\/wp\/v2\/tags?post=2386"}],"curies":[{"name":"wp","href":"https:\/\/api.w.org\/{rel}","templated":true}]}}