{"id":1804,"date":"2022-05-26T01:52:00","date_gmt":"2022-05-26T00:52:00","guid":{"rendered":"https:\/\/lider.ba\/?p=1804"},"modified":"2023-12-27T02:20:33","modified_gmt":"2023-12-27T01:20:33","slug":"radni-sastanak-sa-klijentima-mkf-lider","status":"publish","type":"post","link":"https:\/\/lider.ba\/en\/radni-sastanak-sa-klijentima-mkf-lider\/","title":{"rendered":"MKF LIDER Zenica \u2013 dru\u017eenje sa klijentima i saradnicima povodom 20 godina postojanja LIDER-a"},"content":{"rendered":"\n<p>Povodom proslave 20 godina od osnivanja&nbsp;<strong><a href=\"https:\/\/lider.ba\/\" target=\"_blank\" rel=\"noreferrer noopener\">Mikrokreditne fondacije LIDER<\/a><\/strong>, u Zenici, u lijepom ambijentu Motela Almy uprili\u010deno je dru\u017eenje sa na\u0161im vjernim i dugogodi\u0161njim klijentima.<\/p>\n\n\n\n<p>Ovom prilikom predstavnici MKF LIDER-a uru\u010dili su zahvalnice i poklone gostima, razgovarali o budu\u0107im projektima i planiranim aktivnosti.<\/p>\n\n\n\n<p>U sklopu radnog ru\u010dka predstavljena je i platforma&nbsp;<a href=\"https:\/\/pravilider.ba\/\" target=\"_blank\" rel=\"noreferrer noopener\"><strong>Pravilider.ba<\/strong>&nbsp;<\/a>koju na\u0161i klijenti mogu besplatno koristiti i predstaviti svoje poslovanje na vrlo jednostavan na\u010din. Odvojili smo i nekoliko minuta da zajedno pogledamo video material koji je izra\u0111en upravo za LIDER-ov veliki jubilej \u2013 20 godina uspje\u0161nog poslovanja!<\/p>\n\n\n\n<p>Ovim putem se zahvaljujemo na\u0161im gostima za ugodno provedeno vrijeme i jo\u0161 jednom veliko hvala na dugogodi\u0161njoj saradnji.<\/p>\n\n\n\n<p><a href=\"https:\/\/lider.ba\/\" target=\"_blank\" rel=\"noreferrer noopener\">MKF LIDER<\/a><\/p>\n\n\n\n<figure class=\"wp-block-gallery has-nested-images columns-2 is-cropped wp-block-gallery-1 is-layout-flex wp-block-gallery-is-layout-flex\">\n<figure class=\"wp-block-image size-large\"><img fetchpriority=\"high\" decoding=\"async\" width=\"600\" height=\"400\" data-id=\"1805\" src=\"https:\/\/lider.ba\/wp-content\/uploads\/DSC_1067-600x400-1.webp\" alt=\"Dsc 1067 600x400\" class=\"wp-image-1805\" srcset=\"https:\/\/lider.ba\/wp-content\/uploads\/DSC_1067-600x400-1.webp 600w, https:\/\/lider.ba\/wp-content\/uploads\/DSC_1067-600x400-1-300x200.webp 300w\" sizes=\"(max-width: 600px) 100vw, 600px\" \/><\/figure>\n\n\n\n<figure class=\"wp-block-image size-large\"><img decoding=\"async\" width=\"600\" height=\"400\" data-id=\"1806\" src=\"https:\/\/lider.ba\/wp-content\/uploads\/DSC_1071-600x400-1.webp\" alt=\"Dsc 1071 600x400\" class=\"wp-image-1806\" srcset=\"https:\/\/lider.ba\/wp-content\/uploads\/DSC_1071-600x400-1.webp 600w, https:\/\/lider.ba\/wp-content\/uploads\/DSC_1071-600x400-1-300x200.webp 300w\" sizes=\"(max-width: 600px) 100vw, 600px\" \/><\/figure>\n\n\n\n<figure class=\"wp-block-image size-large\"><img decoding=\"async\" width=\"600\" height=\"400\" data-id=\"1807\" src=\"https:\/\/lider.ba\/wp-content\/uploads\/DSC_1062-600x400-1.webp\" alt=\"Dsc 1062 600x400\" class=\"wp-image-1807\" srcset=\"https:\/\/lider.ba\/wp-content\/uploads\/DSC_1062-600x400-1.webp 600w, https:\/\/lider.ba\/wp-content\/uploads\/DSC_1062-600x400-1-300x200.webp 300w\" sizes=\"(max-width: 600px) 100vw, 600px\" \/><\/figure>\n\n\n\n<figure class=\"wp-block-image size-large\"><img loading=\"lazy\" decoding=\"async\" width=\"600\" height=\"400\" data-id=\"1809\" src=\"https:\/\/lider.ba\/wp-content\/uploads\/DSC_1010-600x400-1.webp\" alt=\"Dsc 1010 600x400\" class=\"wp-image-1809\" srcset=\"https:\/\/lider.ba\/wp-content\/uploads\/DSC_1010-600x400-1.webp 600w, https:\/\/lider.ba\/wp-content\/uploads\/DSC_1010-600x400-1-300x200.webp 300w\" sizes=\"(max-width: 600px) 100vw, 600px\" \/><\/figure>\n<\/figure>\n","protected":false},"excerpt":{"rendered":"<p>Povodom proslave 20 godina od osnivanja&nbsp;Mikrokreditne fondacije LIDER, u Zenici, u lijepom ambijentu Motela Almy uprili\u010deno je dru\u017eenje sa na\u0161im vjernim i dugogodi\u0161njim klijentima. Ovom prilikom predstavnici MKF LIDER-a uru\u010dili su zahvalnice i poklone gostima, razgovarali o budu\u0107im projektima i planiranim aktivnosti. U sklopu radnog ru\u010dka predstavljena je i platforma&nbsp;Pravilider.ba&nbsp;koju na\u0161i klijenti mogu besplatno koristiti [&hellip;]<\/p>\n","protected":false},"author":2,"featured_media":1808,"comment_status":"closed","ping_status":"closed","sticky":false,"template":"","format":"standard","meta":{"_acf_changed":false,"slim_seo":{"title":"MKF LIDER Zenica \u2013 dru\u017eenje sa klijentima i saradnicima povodom 20 godina postojanja LIDER-a - Lider - Mikrokreditna fondacija","description":"Povodom proslave 20 godina od osnivanja&nbsp; Mikrokreditne fondacije LIDER , u Zenici, u lijepom ambijentu Motela Almy uprili\u010deno je dru\u017eenje sa na\u0161im vjernim"},"footnotes":""},"categories":[1],"tags":[],"class_list":["post-1804","post","type-post","status-publish","format-standard","has-post-thumbnail","hentry","category-novosti"],"acf":[],"_links":{"self":[{"href":"https:\/\/lider.ba\/en\/wp-json\/wp\/v2\/posts\/1804","targetHints":{"allow":["GET"]}}],"collection":[{"href":"https:\/\/lider.ba\/en\/wp-json\/wp\/v2\/posts"}],"about":[{"href":"https:\/\/lider.ba\/en\/wp-json\/wp\/v2\/types\/post"}],"author":[{"embeddable":true,"href":"https:\/\/lider.ba\/en\/wp-json\/wp\/v2\/users\/2"}],"replies":[{"embeddable":true,"href":"https:\/\/lider.ba\/en\/wp-json\/wp\/v2\/comments?post=1804"}],"version-history":[{"count":0,"href":"https:\/\/lider.ba\/en\/wp-json\/wp\/v2\/posts\/1804\/revisions"}],"wp:featuredmedia":[{"embeddable":true,"href":"https:\/\/lider.ba\/en\/wp-json\/wp\/v2\/media\/1808"}],"wp:attachment":[{"href":"https:\/\/lider.ba\/en\/wp-json\/wp\/v2\/media?parent=1804"}],"wp:term":[{"taxonomy":"category","embeddable":true,"href":"https:\/\/lider.ba\/en\/wp-json\/wp\/v2\/categories?post=1804"},{"taxonomy":"post_tag","embeddable":true,"href":"https:\/\/lider.ba\/en\/wp-json\/wp\/v2\/tags?post=1804"}],"curies":[{"name":"wp","href":"https:\/\/api.w.org\/{rel}","templated":true}]}}