{"id":1797,"date":"2022-07-04T01:46:00","date_gmt":"2022-07-04T00:46:00","guid":{"rendered":"https:\/\/lider.ba\/?p=1797"},"modified":"2023-12-27T02:19:49","modified_gmt":"2023-12-27T01:19:49","slug":"amchman-nagrada-za-mkf-lider","status":"publish","type":"post","link":"https:\/\/lider.ba\/en\/amchman-nagrada-za-mkf-lider\/","title":{"rendered":"AmCham BiH uru\u010dio Lideru veliko priznanje"},"content":{"rendered":"\n<p><a href=\"https:\/\/lider.ba\/\" target=\"_blank\" rel=\"noreferrer noopener\">Mikrokreditna fondacija Lider<\/a>&nbsp;dobila je jo\u0161 jedno veliko priznanje za svoj rad, ovoga puta od Ameri\u010dke trgova\u010dke komore BiH \u2013 \u201eAmCham BiH\u201c.<\/p>\n\n\n\n<p>Naime, MKF Lider je dobio certifikat ove ugledne organizacije&nbsp;<strong>\u201eza aktivno sudjelovanje i izniman doprinos u radu Ameri\u010dke trgova\u010dke komore u BiH.<\/strong><\/p>\n\n\n\n<p>O zna\u010daju ovog priznanja govori i podatak da AmCham Europe, \u010dija je \u010dlanica i AmCham BiH, okuplja 46 ameri\u010dkih privrednih komora iz 44 zemlje Evrope i Evroazije, te zastupa interese vi\u0161e od 17.000 kompanija koje zapo\u0161ljavaju oko 20 miliona radnika, \u0161to predstavlja vi\u0161e od 1,1 triliona dolara ulaganja s obje strane Atlantika.<\/p>\n\n\n\n<p>MKF LIDER<\/p>\n","protected":false},"excerpt":{"rendered":"<p>Mikrokreditna fondacija Lider&nbsp;dobila je jo\u0161 jedno veliko priznanje za svoj rad, ovoga puta od Ameri\u010dke trgova\u010dke komore BiH \u2013 \u201eAmCham BiH\u201c. Naime, MKF Lider je dobio certifikat ove ugledne organizacije&nbsp;\u201eza aktivno sudjelovanje i izniman doprinos u radu Ameri\u010dke trgova\u010dke komore u BiH. O zna\u010daju ovog priznanja govori i podatak da AmCham Europe, \u010dija je \u010dlanica [&hellip;]<\/p>\n","protected":false},"author":2,"featured_media":1798,"comment_status":"closed","ping_status":"closed","sticky":false,"template":"","format":"standard","meta":{"_acf_changed":false,"slim_seo":{"title":"AmCham BiH uru\u010dio Lideru veliko priznanje - Lider - Mikrokreditna fondacija","description":"Mikrokreditna fondacija Lider &nbsp;dobila je jo\u0161 jedno veliko priznanje za svoj rad, ovoga puta od Ameri\u010dke trgova\u010dke komore BiH \u2013 \u201eAmCham BiH\u201c. Naime, MKF Lid"},"footnotes":""},"categories":[1],"tags":[],"class_list":["post-1797","post","type-post","status-publish","format-standard","has-post-thumbnail","hentry","category-novosti"],"acf":[],"_links":{"self":[{"href":"https:\/\/lider.ba\/en\/wp-json\/wp\/v2\/posts\/1797","targetHints":{"allow":["GET"]}}],"collection":[{"href":"https:\/\/lider.ba\/en\/wp-json\/wp\/v2\/posts"}],"about":[{"href":"https:\/\/lider.ba\/en\/wp-json\/wp\/v2\/types\/post"}],"author":[{"embeddable":true,"href":"https:\/\/lider.ba\/en\/wp-json\/wp\/v2\/users\/2"}],"replies":[{"embeddable":true,"href":"https:\/\/lider.ba\/en\/wp-json\/wp\/v2\/comments?post=1797"}],"version-history":[{"count":0,"href":"https:\/\/lider.ba\/en\/wp-json\/wp\/v2\/posts\/1797\/revisions"}],"wp:featuredmedia":[{"embeddable":true,"href":"https:\/\/lider.ba\/en\/wp-json\/wp\/v2\/media\/1798"}],"wp:attachment":[{"href":"https:\/\/lider.ba\/en\/wp-json\/wp\/v2\/media?parent=1797"}],"wp:term":[{"taxonomy":"category","embeddable":true,"href":"https:\/\/lider.ba\/en\/wp-json\/wp\/v2\/categories?post=1797"},{"taxonomy":"post_tag","embeddable":true,"href":"https:\/\/lider.ba\/en\/wp-json\/wp\/v2\/tags?post=1797"}],"curies":[{"name":"wp","href":"https:\/\/api.w.org\/{rel}","templated":true}]}}