{"id":1757,"date":"2017-09-26T01:23:00","date_gmt":"2017-09-26T00:23:00","guid":{"rendered":"https:\/\/lider.ba\/?p=1757"},"modified":"2023-12-27T02:14:50","modified_gmt":"2023-12-27T01:14:50","slug":"mkf-lider-novi-clan-evropske-mikrofinansijske-mreze","status":"publish","type":"post","link":"https:\/\/lider.ba\/en\/mkf-lider-novi-clan-evropske-mikrofinansijske-mreze\/","title":{"rendered":"MKF LIDER novi \u010dlan Evropske mikrofinansijske mre\u017ee"},"content":{"rendered":"\n<p>MKF \u201cLIDER\u201d se pridru\u017eio Evropskoj mikrofinansijskoj mre\u017ei \u2013 European Microfinance Network (EMN) sa sjedi\u0161tem u Briselu (www.european-microfinance.org).<\/p>\n\n\n\n<p>EMN je zvani\u010dno registrovan u Parizu 23.05.2003 kao nevladina organizacija.<\/p>\n\n\n\n<p>Od decembra 2012. svoje aktivnosti iz Francuske premje\u0161ta u Belgiju.<\/p>\n\n\n\n<p>EMN je posebno aktivan u pru\u017eanju podr\u0161ke mikro poduzetni\u0161tva i samozapo\u0161ljavanja, kako kroz svoje \u010dlanove, tako i kroz aktivnosti lobiranja na nivou Evropske Unije i podizanju svijesti o potrebi kreiranja Evropske legislative i pravnih okvira koji \u0107e podsticati razvoj zdravog mikrofinansijskog tr\u017ei\u0161ta.<\/p>\n\n\n\n<p>Misija EMN-a je da zastupa mikrofinansijski sektor, te omogu\u0107ava razvoj kapaciteta na Evropskom nivou kroz promoviranje transparentnosti, najboljih praksi, principa dobrog upravljanja me\u0111u organizacijama sa socijalnom misijom koje obezbje\u0111uju finansijske usluge svim onim koji imaju ote\u017ean pristup finansijskim sredstvima.<\/p>\n\n\n\n<p>EMN \u017eeli vidjeti dru\u0161tvo u kojem svi finansijski i socijalno isklju\u010deni ljudi imaju pristup finansijskim i dodatnim uslugama, \u0161to \u0107e ih osna\u017eiti da zapo\u010dnu nove poslove, konsoliduju postoje\u0107i biznis i da finansiraju li\u010dne potrebe kojim \u0107e pobolj\u0161ati uslove \u017eivota.<\/p>\n\n\n\n<p>Glavne aktivnosti EMN-a su fokusirane na&nbsp;<strong>zastupanje na Evropskom nivou<\/strong>&nbsp;kroz gra\u0111enje jakih veza sa institucijama EU, lobiranje kod donosioca odluka, regulatora i investitora na dono\u0161enju politika povoljnih po razvoj sektora i&nbsp;<strong>gra\u0111enje kapaciteta&nbsp;<\/strong>kroz ja\u010danje institucionalnog integriteta \u010dlanova kao \u0161to su rast, odr\u017eivost, dobro upravljanje, kvalitet, istra\u017eivanja i transparentnosti, posebno kod&nbsp; mikrofinansijskih institucija s ciljem ja\u010danja utjecaja mikrofinansija u Evropi.<\/p>\n","protected":false},"excerpt":{"rendered":"<p>MKF \u201cLIDER\u201d se pridru\u017eio Evropskoj mikrofinansijskoj mre\u017ei \u2013 European Microfinance Network (EMN) sa sjedi\u0161tem u Briselu (www.european-microfinance.org). EMN je zvani\u010dno registrovan u Parizu 23.05.2003 kao nevladina organizacija. Od decembra 2012. svoje aktivnosti iz Francuske premje\u0161ta u Belgiju. EMN je posebno aktivan u pru\u017eanju podr\u0161ke mikro poduzetni\u0161tva i samozapo\u0161ljavanja, kako kroz svoje \u010dlanove, tako i kroz [&hellip;]<\/p>\n","protected":false},"author":2,"featured_media":909,"comment_status":"closed","ping_status":"closed","sticky":false,"template":"","format":"standard","meta":{"_acf_changed":false,"slim_seo":{"title":"MKF LIDER novi \u010dlan Evropske mikrofinansijske mre\u017ee - Lider - Mikrokreditna fondacija","description":"MKF \u201cLIDER\u201d se pridru\u017eio Evropskoj mikrofinansijskoj mre\u017ei \u2013 European Microfinance Network (EMN) sa sjedi\u0161tem u Briselu (www.european-microfinance.org). EMN je"},"footnotes":""},"categories":[1],"tags":[],"class_list":["post-1757","post","type-post","status-publish","format-standard","has-post-thumbnail","hentry","category-novosti"],"acf":[],"_links":{"self":[{"href":"https:\/\/lider.ba\/en\/wp-json\/wp\/v2\/posts\/1757","targetHints":{"allow":["GET"]}}],"collection":[{"href":"https:\/\/lider.ba\/en\/wp-json\/wp\/v2\/posts"}],"about":[{"href":"https:\/\/lider.ba\/en\/wp-json\/wp\/v2\/types\/post"}],"author":[{"embeddable":true,"href":"https:\/\/lider.ba\/en\/wp-json\/wp\/v2\/users\/2"}],"replies":[{"embeddable":true,"href":"https:\/\/lider.ba\/en\/wp-json\/wp\/v2\/comments?post=1757"}],"version-history":[{"count":0,"href":"https:\/\/lider.ba\/en\/wp-json\/wp\/v2\/posts\/1757\/revisions"}],"wp:featuredmedia":[{"embeddable":true,"href":"https:\/\/lider.ba\/en\/wp-json\/wp\/v2\/media\/909"}],"wp:attachment":[{"href":"https:\/\/lider.ba\/en\/wp-json\/wp\/v2\/media?parent=1757"}],"wp:term":[{"taxonomy":"category","embeddable":true,"href":"https:\/\/lider.ba\/en\/wp-json\/wp\/v2\/categories?post=1757"},{"taxonomy":"post_tag","embeddable":true,"href":"https:\/\/lider.ba\/en\/wp-json\/wp\/v2\/tags?post=1757"}],"curies":[{"name":"wp","href":"https:\/\/api.w.org\/{rel}","templated":true}]}}