{"id":1753,"date":"2017-05-31T01:20:00","date_gmt":"2017-05-31T00:20:00","guid":{"rendered":"https:\/\/lider.ba\/?p=1753"},"modified":"2023-12-27T02:14:06","modified_gmt":"2023-12-27T01:14:06","slug":"u-sarajevu-odrzana-20-mfc-godisnja-konferencija","status":"publish","type":"post","link":"https:\/\/lider.ba\/en\/u-sarajevu-odrzana-20-mfc-godisnja-konferencija\/","title":{"rendered":"U Sarajevu odr\u017eana 20. MFC godi\u0161nja konferencija"},"content":{"rendered":"\n<p>U periodu of 24.-26.05.2017. godine u Sarajevu je odr\u017eana dvadeseta godi\u0161nja konferencija Mikrofinansijskog centra za isto\u010dnu i centralnu Evropu i centralnu Aziju (MFC).<\/p>\n\n\n\n<p>Mikrokreditni sektor u Bosni i Hercegovini tako\u0111er ove godine proslavlja dvadesetu godi\u0161njicu.<\/p>\n\n\n\n<p>Konferencija je ove godine nosila naziv: Perspektiva 2037: fer finansiranje za sve \u0161to predstavlja simboli\u010dnu retrospektivu nastajanja i razvijanja ideje mikrofinansiranja u svijeta od devedesetih godina pro\u0161log stolje\u0107a, kao i priliku za razmi\u0161ljanje i planiranje razvoja sektora u naredna dva desetlje\u0107a.<\/p>\n\n\n\n<figure class=\"wp-block-embed is-type-video is-provider-youtube wp-block-embed-youtube wp-embed-aspect-16-9 wp-has-aspect-ratio\"><div class=\"wp-block-embed__wrapper\">\n<iframe title=\"U Sarajevu odr\u017eana 20. MFC godi\u0161nja konferencija\/20th  MFC Annual Conference Held in Sarajevo\" width=\"800\" height=\"450\" src=\"https:\/\/www.youtube.com\/embed\/fXKhq7iTbcw?feature=oembed\" frameborder=\"0\" allow=\"accelerometer; autoplay; clipboard-write; encrypted-media; gyroscope; picture-in-picture; web-share\" allowfullscreen><\/iframe>\n<\/div><\/figure>\n","protected":false},"excerpt":{"rendered":"<p>U periodu of 24.-26.05.2017. godine u Sarajevu je odr\u017eana dvadeseta godi\u0161nja konferencija Mikrofinansijskog centra za isto\u010dnu i centralnu Evropu i centralnu Aziju (MFC). Mikrokreditni sektor u Bosni i Hercegovini tako\u0111er ove godine proslavlja dvadesetu godi\u0161njicu. Konferencija je ove godine nosila naziv: Perspektiva 2037: fer finansiranje za sve \u0161to predstavlja simboli\u010dnu retrospektivu nastajanja i razvijanja ideje [&hellip;]<\/p>\n","protected":false},"author":2,"featured_media":909,"comment_status":"closed","ping_status":"closed","sticky":false,"template":"","format":"standard","meta":{"_acf_changed":false,"slim_seo":{"title":"U Sarajevu odr\u017eana 20. MFC godi\u0161nja konferencija - Lider - Mikrokreditna fondacija","description":"U periodu of 24.-26.05.2017. godine u Sarajevu je odr\u017eana dvadeseta godi\u0161nja konferencija Mikrofinansijskog centra za isto\u010dnu i centralnu Evropu i centralnu Azi"},"footnotes":""},"categories":[1],"tags":[],"class_list":["post-1753","post","type-post","status-publish","format-standard","has-post-thumbnail","hentry","category-novosti"],"acf":[],"_links":{"self":[{"href":"https:\/\/lider.ba\/en\/wp-json\/wp\/v2\/posts\/1753","targetHints":{"allow":["GET"]}}],"collection":[{"href":"https:\/\/lider.ba\/en\/wp-json\/wp\/v2\/posts"}],"about":[{"href":"https:\/\/lider.ba\/en\/wp-json\/wp\/v2\/types\/post"}],"author":[{"embeddable":true,"href":"https:\/\/lider.ba\/en\/wp-json\/wp\/v2\/users\/2"}],"replies":[{"embeddable":true,"href":"https:\/\/lider.ba\/en\/wp-json\/wp\/v2\/comments?post=1753"}],"version-history":[{"count":0,"href":"https:\/\/lider.ba\/en\/wp-json\/wp\/v2\/posts\/1753\/revisions"}],"wp:featuredmedia":[{"embeddable":true,"href":"https:\/\/lider.ba\/en\/wp-json\/wp\/v2\/media\/909"}],"wp:attachment":[{"href":"https:\/\/lider.ba\/en\/wp-json\/wp\/v2\/media?parent=1753"}],"wp:term":[{"taxonomy":"category","embeddable":true,"href":"https:\/\/lider.ba\/en\/wp-json\/wp\/v2\/categories?post=1753"},{"taxonomy":"post_tag","embeddable":true,"href":"https:\/\/lider.ba\/en\/wp-json\/wp\/v2\/tags?post=1753"}],"curies":[{"name":"wp","href":"https:\/\/api.w.org\/{rel}","templated":true}]}}