{"id":1749,"date":"2016-03-16T01:16:00","date_gmt":"2016-03-16T00:16:00","guid":{"rendered":"https:\/\/lider.ba\/?p=1749"},"modified":"2023-12-27T02:12:50","modified_gmt":"2023-12-27T01:12:50","slug":"otvorenje-lider-ovih-ureda-u-gracanici-i-konjic","status":"publish","type":"post","link":"https:\/\/lider.ba\/en\/otvorenje-lider-ovih-ureda-u-gracanici-i-konjic\/","title":{"rendered":"Otvorenje LIDER-ovih ureda u Gra\u010danici i Konjic"},"content":{"rendered":"\n<p>Dana 09.03.2016.godine, sve\u010dano je otvoren novi&nbsp; ured Mikrokreditne Fondacije Lider u Gra\u010danici, na adresi Mehmeda Ahmetbegovi\u0107a 14, a 11.03.2016. godine svoja vrata je sve\u010dano otvorio LIDER-ov novi ured u Konjicu, na adresi Mar\u0161ala Tita bb.<\/p>\n\n\n\n<p>Sve\u010danim otvorenjima su prisustvovali mnogobrojni LIDER-ovi klijenti i partneri.<\/p>\n\n\n\n<p>LIDER je prepoznao potencijal i potrebe poduzetnika sa podru\u010dja Tuzlanskog i Hercegova\u010dko-Neretvanskog Kantona, te je otvorenjem ureda u Gra\u010danici i Konjicu, pribli\u017eila svoje usluge klijentima i u\u010dinilaih pristupa\u010dnijim.<\/p>\n\n\n\n<p>Sve\u010dano otvorenje je propra\u010deno i Danom otvorenih vrata za klijente i partnere.<\/p>\n\n\n\n<p>U novim uredima, za rad sa klijentima zadu\u017eeni su vrijedni LIDER-ovi kreditni slu\u017ebenici Rabija Ati\u0107 i Samir Abidovi\u0107 u Gra\u010danici, te Salem Deli\u0107 i Jasmina \u0110elil u Konjicu .<\/p>\n\n\n\n<p>Mikrokreditna Fondacija Lider, \u0107e i na novim lokacijama pru\u017eati prepoznatljivu i kvalitetnu uslugu, kao i kreditne proizvode koji su kreirani po mjeri klijenata.<\/p>\n","protected":false},"excerpt":{"rendered":"<p>Dana 09.03.2016.godine, sve\u010dano je otvoren novi&nbsp; ured Mikrokreditne Fondacije Lider u Gra\u010danici, na adresi Mehmeda Ahmetbegovi\u0107a 14, a 11.03.2016. godine svoja vrata je sve\u010dano otvorio LIDER-ov novi ured u Konjicu, na adresi Mar\u0161ala Tita bb. Sve\u010danim otvorenjima su prisustvovali mnogobrojni LIDER-ovi klijenti i partneri. LIDER je prepoznao potencijal i potrebe poduzetnika sa podru\u010dja Tuzlanskog i [&hellip;]<\/p>\n","protected":false},"author":2,"featured_media":909,"comment_status":"closed","ping_status":"closed","sticky":false,"template":"","format":"standard","meta":{"_acf_changed":false,"slim_seo":{"title":"Otvorenje LIDER-ovih ureda u Gra\u010danici i Konjic - Lider - Mikrokreditna fondacija","description":"Dana 09.03.2016.godine, sve\u010dano je otvoren novi&nbsp; ured Mikrokreditne Fondacije Lider u Gra\u010danici, na adresi Mehmeda Ahmetbegovi\u0107a 14, a 11.03.2016. godine s"},"footnotes":""},"categories":[1],"tags":[],"class_list":["post-1749","post","type-post","status-publish","format-standard","has-post-thumbnail","hentry","category-novosti"],"acf":[],"_links":{"self":[{"href":"https:\/\/lider.ba\/en\/wp-json\/wp\/v2\/posts\/1749","targetHints":{"allow":["GET"]}}],"collection":[{"href":"https:\/\/lider.ba\/en\/wp-json\/wp\/v2\/posts"}],"about":[{"href":"https:\/\/lider.ba\/en\/wp-json\/wp\/v2\/types\/post"}],"author":[{"embeddable":true,"href":"https:\/\/lider.ba\/en\/wp-json\/wp\/v2\/users\/2"}],"replies":[{"embeddable":true,"href":"https:\/\/lider.ba\/en\/wp-json\/wp\/v2\/comments?post=1749"}],"version-history":[{"count":0,"href":"https:\/\/lider.ba\/en\/wp-json\/wp\/v2\/posts\/1749\/revisions"}],"wp:featuredmedia":[{"embeddable":true,"href":"https:\/\/lider.ba\/en\/wp-json\/wp\/v2\/media\/909"}],"wp:attachment":[{"href":"https:\/\/lider.ba\/en\/wp-json\/wp\/v2\/media?parent=1749"}],"wp:term":[{"taxonomy":"category","embeddable":true,"href":"https:\/\/lider.ba\/en\/wp-json\/wp\/v2\/categories?post=1749"},{"taxonomy":"post_tag","embeddable":true,"href":"https:\/\/lider.ba\/en\/wp-json\/wp\/v2\/tags?post=1749"}],"curies":[{"name":"wp","href":"https:\/\/api.w.org\/{rel}","templated":true}]}}