{"id":1745,"date":"2015-02-09T01:14:00","date_gmt":"2015-02-09T00:14:00","guid":{"rendered":"https:\/\/lider.ba\/?p=1745"},"modified":"2023-12-27T01:15:11","modified_gmt":"2023-12-27T00:15:11","slug":"otvorenje-novog-lider-ovog-ureda-u-jelahu","status":"publish","type":"post","link":"https:\/\/lider.ba\/en\/otvorenje-novog-lider-ovog-ureda-u-jelahu\/","title":{"rendered":"Otvorenje novog LIDER-ovog ureda u Jelahu"},"content":{"rendered":"\n<p>Dana 05.02.2015.godine, sve\u010dano je otvoren novi&nbsp; ured Mikrokreditne Fondacije Lider u Jelahu, na adresi Bra\u0107e Kotori\u0107 16.<\/p>\n\n\n\n<p>Sve\u010danom otvorenju su prisustvovali mnogobrojni LIDER-ovi klijenti i partneri.<\/p>\n\n\n\n<p>Mikrokreditna Fondacija&nbsp; je prepoznala potencijal i potrebe poduzetnika sa podru\u010dja op\u0107ine Te\u0161anj, te je otvorenjem ureda u Jelahu, pribli\u017eila svoje usluge klijentima i u\u010dinila ih pristupa\u010dnijim.<\/p>\n\n\n\n<p>Sve\u010dano otvorenje je propra\u010deno i Danom otvorenih vrata za klijente, koji su i pored lo\u0161ih vremenskih uslova do\u0161li u novi ured, kako bi LIDER timu po\u017eeljeli uspje\u0161an rad.<\/p>\n\n\n\n<p>Na\u0161i klijenti i partneri nisu krili odu\u0161evljenje novim prostorom, kao i lijepe rije\u010di za uspje\u0161an po\u010detak i rad.<\/p>\n\n\n\n<p>Otvorenjem novog ureda, stanovnicima Jelaha omogu\u0107ena je ve\u0107a dostupnost i kori\u0161tenje najpovoljnijih LIDER-ovih proizvoda na tr\u017ei\u0161tu.<\/p>\n\n\n\n<p>Na novoj lokaciji u Jelahu, za rad sa klijentima zadu\u017eeni su vrijedni LIDER-ovi kreditni slu\u017ebenici Ermelin Popr\u017eanovi\u0107 i Nermina \u0160ahi\u0107.<\/p>\n\n\n\n<p>Mikrokreditna Fondacija Lider, \u0107e i u Jelahu pru\u017eati prepoznatljivu i kvalitetnu uslugu, kao i kreditne proizvode koji su kreirani po mjeri klijenata.<\/p>\n","protected":false},"excerpt":{"rendered":"<p>Dana 05.02.2015.godine, sve\u010dano je otvoren novi&nbsp; ured Mikrokreditne Fondacije Lider u Jelahu, na adresi Bra\u0107e Kotori\u0107 16. Sve\u010danom otvorenju su prisustvovali mnogobrojni LIDER-ovi klijenti i partneri. Mikrokreditna Fondacija&nbsp; je prepoznala potencijal i potrebe poduzetnika sa podru\u010dja op\u0107ine Te\u0161anj, te je otvorenjem ureda u Jelahu, pribli\u017eila svoje usluge klijentima i u\u010dinila ih pristupa\u010dnijim. Sve\u010dano otvorenje je [&hellip;]<\/p>\n","protected":false},"author":2,"featured_media":909,"comment_status":"closed","ping_status":"closed","sticky":false,"template":"","format":"standard","meta":{"_acf_changed":false,"slim_seo":{"title":"Otvorenje novog LIDER-ovog ureda u Jelahu - Lider - Mikrokreditna fondacija","description":"Dana 05.02.2015.godine, sve\u010dano je otvoren novi&nbsp; ured Mikrokreditne Fondacije Lider u Jelahu, na adresi Bra\u0107e Kotori\u0107 16. Sve\u010danom otvorenju su prisustvova"},"footnotes":""},"categories":[1],"tags":[],"class_list":["post-1745","post","type-post","status-publish","format-standard","has-post-thumbnail","hentry","category-novosti"],"acf":[],"_links":{"self":[{"href":"https:\/\/lider.ba\/en\/wp-json\/wp\/v2\/posts\/1745","targetHints":{"allow":["GET"]}}],"collection":[{"href":"https:\/\/lider.ba\/en\/wp-json\/wp\/v2\/posts"}],"about":[{"href":"https:\/\/lider.ba\/en\/wp-json\/wp\/v2\/types\/post"}],"author":[{"embeddable":true,"href":"https:\/\/lider.ba\/en\/wp-json\/wp\/v2\/users\/2"}],"replies":[{"embeddable":true,"href":"https:\/\/lider.ba\/en\/wp-json\/wp\/v2\/comments?post=1745"}],"version-history":[{"count":0,"href":"https:\/\/lider.ba\/en\/wp-json\/wp\/v2\/posts\/1745\/revisions"}],"wp:featuredmedia":[{"embeddable":true,"href":"https:\/\/lider.ba\/en\/wp-json\/wp\/v2\/media\/909"}],"wp:attachment":[{"href":"https:\/\/lider.ba\/en\/wp-json\/wp\/v2\/media?parent=1745"}],"wp:term":[{"taxonomy":"category","embeddable":true,"href":"https:\/\/lider.ba\/en\/wp-json\/wp\/v2\/categories?post=1745"},{"taxonomy":"post_tag","embeddable":true,"href":"https:\/\/lider.ba\/en\/wp-json\/wp\/v2\/tags?post=1745"}],"curies":[{"name":"wp","href":"https:\/\/api.w.org\/{rel}","templated":true}]}}