{"id":1743,"date":"2014-09-26T01:13:00","date_gmt":"2014-09-26T00:13:00","guid":{"rendered":"https:\/\/lider.ba\/?p=1743"},"modified":"2023-12-27T02:11:47","modified_gmt":"2023-12-27T01:11:47","slug":"izjava-generalnog-direktora-mkf-lider-dzavida-sejfovica","status":"publish","type":"post","link":"https:\/\/lider.ba\/en\/izjava-generalnog-direktora-mkf-lider-dzavida-sejfovica\/","title":{"rendered":"Podr\u0161ka klijentima stradalim u poplavama \u2013 Izjava direktora MKF LIDER D\u017eavida Sejfovi\u0107a"},"content":{"rendered":"\n<p>Dru\u0161tveno odgovorno postupanje Mikrokreditnih organizacija u saradnji sa klijentima na podru\u010djima koja su ugro\u017eena elementarnim nepogodama.<\/p>\n\n\n\n<p>Video prilog u sklopu kampanje koju provodi Udru\u017eenje Mikrokreditnih organizacija u BiH.<\/p>\n\n\n\n<figure class=\"wp-block-embed is-type-video is-provider-youtube wp-block-embed-youtube wp-embed-aspect-4-3 wp-has-aspect-ratio\"><div class=\"wp-block-embed__wrapper\">\n<iframe title=\"D\u017eavid Sejfovi\u0107, General Director, Microcredit Foundation Lider\" width=\"800\" height=\"600\" src=\"https:\/\/www.youtube.com\/embed\/OMeSehO9ZP4?feature=oembed\" frameborder=\"0\" allow=\"accelerometer; autoplay; clipboard-write; encrypted-media; gyroscope; picture-in-picture; web-share\" allowfullscreen><\/iframe>\n<\/div><\/figure>\n","protected":false},"excerpt":{"rendered":"<p>Dru\u0161tveno odgovorno postupanje Mikrokreditnih organizacija u saradnji sa klijentima na podru\u010djima koja su ugro\u017eena elementarnim nepogodama. Video prilog u sklopu kampanje koju provodi Udru\u017eenje Mikrokreditnih organizacija u BiH.<\/p>\n","protected":false},"author":2,"featured_media":909,"comment_status":"closed","ping_status":"closed","sticky":false,"template":"","format":"standard","meta":{"_acf_changed":false,"slim_seo":{"title":"Podr\u0161ka klijentima stradalim u poplavama \u2013 Izjava direktora MKF LIDER D\u017eavida Sejfovi\u0107a - Lider - Mikrokreditna fondacija","description":"Dru\u0161tveno odgovorno postupanje Mikrokreditnih organizacija u saradnji sa klijentima na podru\u010djima koja su ugro\u017eena elementarnim nepogodama. Video prilog u sklop"},"footnotes":""},"categories":[1],"tags":[],"class_list":["post-1743","post","type-post","status-publish","format-standard","has-post-thumbnail","hentry","category-novosti"],"acf":[],"_links":{"self":[{"href":"https:\/\/lider.ba\/en\/wp-json\/wp\/v2\/posts\/1743","targetHints":{"allow":["GET"]}}],"collection":[{"href":"https:\/\/lider.ba\/en\/wp-json\/wp\/v2\/posts"}],"about":[{"href":"https:\/\/lider.ba\/en\/wp-json\/wp\/v2\/types\/post"}],"author":[{"embeddable":true,"href":"https:\/\/lider.ba\/en\/wp-json\/wp\/v2\/users\/2"}],"replies":[{"embeddable":true,"href":"https:\/\/lider.ba\/en\/wp-json\/wp\/v2\/comments?post=1743"}],"version-history":[{"count":0,"href":"https:\/\/lider.ba\/en\/wp-json\/wp\/v2\/posts\/1743\/revisions"}],"wp:featuredmedia":[{"embeddable":true,"href":"https:\/\/lider.ba\/en\/wp-json\/wp\/v2\/media\/909"}],"wp:attachment":[{"href":"https:\/\/lider.ba\/en\/wp-json\/wp\/v2\/media?parent=1743"}],"wp:term":[{"taxonomy":"category","embeddable":true,"href":"https:\/\/lider.ba\/en\/wp-json\/wp\/v2\/categories?post=1743"},{"taxonomy":"post_tag","embeddable":true,"href":"https:\/\/lider.ba\/en\/wp-json\/wp\/v2\/tags?post=1743"}],"curies":[{"name":"wp","href":"https:\/\/api.w.org\/{rel}","templated":true}]}}