{"id":1730,"date":"2014-03-03T00:59:00","date_gmt":"2014-03-02T23:59:00","guid":{"rendered":"https:\/\/lider.ba\/?p=1730"},"modified":"2023-12-27T01:01:16","modified_gmt":"2023-12-27T00:01:16","slug":"lider-i-dalje-lider","status":"publish","type":"post","link":"https:\/\/lider.ba\/en\/lider-i-dalje-lider\/","title":{"rendered":"LIDER i dalje lider"},"content":{"rendered":"\n<h4 class=\"wp-block-heading\">Magazin \u201eBANKE U BIH\u201d, broj 139, Septembar 2012<\/h4>\n\n\n\n<p>Mikrokreditna fondacija LIDER uspje\u0161no zavr\u0161ava 2011. godinu, a poslovni rezultati postignuti u prvoj polovini 2012. godine su izuzetni i prema\u0161uju sva o\u010dekivanja. LIDER se u protekloj godini mo\u017ee pohvaliti impresivnim brojkama, najbr\u017eim rastom u sektoru, i to u kreditnim plasmanima od 33 posto, kao i u iznosu kreditnog portfolija od 34,5 posto, te najboljim kvalitetom kreditnog portfolija u sektoru. To su brojke koje potvr\u0111uju da je LIDER iskoristio \u0161ansu te oja\u010dao i utvrdio svoju poziciju na mikrofinansijskom tr\u017ei\u0161tu Bosne i Hercegovine, gdje punih 10 godina obezbje\u0111uje dugoro\u010dan pristup finansijskim sredstvima poduzetnicima i stanovni\u0161tvu, na podru\u010dju 33 op\u0107ine i \u010detiri Kantona u centralnom dijelu BiH.<\/p>\n\n\n\n<p>LIDER je danas zrela i stabilna mikrokreditna fondacija, kojoj je brigu o finansiranju svog biznisa i doma\u0107instva povjerilo preko 4.500 klijenata, sa kreditnim portfolijem u iznosu od 10,7 miliona KM. LIDER je svakako ponosan na ostvarene rezultate poslovanja, koji su dio poslovne strategije sa kojom nastavlja i u ovoj godini.<\/p>\n\n\n\n<p>Ina\u010de, LIDER je \u010dlanica CHF Finansijske grupacije koja okuplja mikrofinansijske institucije koje uspje\u0161no djeluju na podru\u010dju deset zemalja na \u010detiri kontinenta (www.chfinternational.org). Ono \u0161to LIDER \u010dini druga\u010dijim od ostalih finansijskih institucija u Bosni i Hercegovini je to \u0161to je dio uspje\u0161ne porodice koja se jo\u0161 od ranih 1960-tih fokusira na me\u0111unarodne probleme u oblasti razvoja zajednice. Svi implementirani projekti nude odgovaraju\u0107a dru\u0161tvena, ekolo\u0161ka i ekonomska rije\u0161enja za lokalnu zajednicu kojim \u0107e se osigurati njihov budu\u0107i razvoj.<\/p>\n\n\n\n<p>Upravo tako i LIDER, na putu ostvarenja svoje vizije, institucije koja \u0107e postati generatorom ekonomskog razvoja, podr\u0161kom i inicijativama daje vlastiti doprinos lokalnoj zajednici kao temelju cjelokupnog razvoja. Brojne su akcije kojim je LIDER podr\u017eao razvoj zajednica u kojim djeluje, u svim segmentima od sporta, kulture, poduzetni\u0161tva, za\u0161tite okolice do podr\u0161ke najugro\u017eenijim kategorijama stanovni\u0161tva. Uz LIDER-ovu podr\u0161ku na\u0161i vrijedni poduzetnici izlagali su svoje proizvode na sajmovima u Bosni i Hercegovini.<\/p>\n\n\n\n<p>Vlastitim anga\u017emanom i inicijativom, kroz projekte u lokalnoj zajednici, LIDER je djelovao na bu\u0111enju ekolo\u0161ke svijesti i \u017eelje za ljep\u0161om \u017eivotnom okolinom. LIDER je ponosan na svoje mlade sportiste, ko\u0161arka\u0161e, rukometa\u0161e, nogometa\u0161e, odbojka\u0161e, karata\u0161e, majstore taekwandoa, raftere i sve ostale koji su uz LIDER-ovu podr\u0161ku ostvarili zavidne rezultate u svojim klubovima, te dr\u017eavnim i me\u0111unarodnim turnirima i takmi\u010denjima. Podr\u0161ka festivalu \u201eZenica zove\u201d i radionicama za djecu u sklopu nultog dana festivala, bio je LIDER-ov doprinos afirmaciji mladih u lokalnoj zajednici.<\/p>\n\n\n\n<p>Humanitarni koncerti i donacije javnoj kuhinji, te podr\u0161ka najugro\u017eenijim kategorijama stanovni\u0161tva u skladu su sa LIDER-ovom misijom koju svakodnevno provodi u djelo. LIDER planira i dalje ja\u010dati prepoznatljivost fondacije kao mikrofinansijske institucije koja obezbje\u0111uje dugoro\u010dni pristup finansijskim i savjetodavnim uslugama poduzetnicima i stanovni\u0161tvu sa niskim prihodima, kroz gra\u0111enje istinskog partnerskog odnosa, s ciljem pobolj\u0161anja zaposlenosti i \u017eivotnog standarda u BiH, sa posebnim akcentom na podr\u0161ci razvoju lokalne zajednice u svim sferama \u017eivota i rada.<\/p>\n\n\n\n<ul class=\"wp-block-list\">\n<li><em>www.bankeubih.com<\/em><\/li>\n<\/ul>\n","protected":false},"excerpt":{"rendered":"<p>Magazin \u201eBANKE U BIH\u201d, broj 139, Septembar 2012 Mikrokreditna fondacija LIDER uspje\u0161no zavr\u0161ava 2011. godinu, a poslovni rezultati postignuti u prvoj polovini 2012. godine su izuzetni i prema\u0161uju sva o\u010dekivanja. LIDER se u protekloj godini mo\u017ee pohvaliti impresivnim brojkama, najbr\u017eim rastom u sektoru, i to u kreditnim plasmanima od 33 posto, kao i u iznosu [&hellip;]<\/p>\n","protected":false},"author":2,"featured_media":909,"comment_status":"closed","ping_status":"closed","sticky":false,"template":"","format":"standard","meta":{"_acf_changed":false,"slim_seo":{"title":"LIDER i dalje lider - Lider - Mikrokreditna fondacija","description":"Magazin \u201eBANKE U BIH\u201d, broj 139, Septembar 2012 Mikrokreditna fondacija LIDER uspje\u0161no zavr\u0161ava 2011. godinu, a poslovni rezultati postignuti u prvoj polovini 2"},"footnotes":""},"categories":[1],"tags":[],"class_list":["post-1730","post","type-post","status-publish","format-standard","has-post-thumbnail","hentry","category-novosti"],"acf":[],"_links":{"self":[{"href":"https:\/\/lider.ba\/en\/wp-json\/wp\/v2\/posts\/1730","targetHints":{"allow":["GET"]}}],"collection":[{"href":"https:\/\/lider.ba\/en\/wp-json\/wp\/v2\/posts"}],"about":[{"href":"https:\/\/lider.ba\/en\/wp-json\/wp\/v2\/types\/post"}],"author":[{"embeddable":true,"href":"https:\/\/lider.ba\/en\/wp-json\/wp\/v2\/users\/2"}],"replies":[{"embeddable":true,"href":"https:\/\/lider.ba\/en\/wp-json\/wp\/v2\/comments?post=1730"}],"version-history":[{"count":0,"href":"https:\/\/lider.ba\/en\/wp-json\/wp\/v2\/posts\/1730\/revisions"}],"wp:featuredmedia":[{"embeddable":true,"href":"https:\/\/lider.ba\/en\/wp-json\/wp\/v2\/media\/909"}],"wp:attachment":[{"href":"https:\/\/lider.ba\/en\/wp-json\/wp\/v2\/media?parent=1730"}],"wp:term":[{"taxonomy":"category","embeddable":true,"href":"https:\/\/lider.ba\/en\/wp-json\/wp\/v2\/categories?post=1730"},{"taxonomy":"post_tag","embeddable":true,"href":"https:\/\/lider.ba\/en\/wp-json\/wp\/v2\/tags?post=1730"}],"curies":[{"name":"wp","href":"https:\/\/api.w.org\/{rel}","templated":true}]}}